{"id":280529,"date":"2023-09-15T13:45:09","date_gmt":"2023-09-15T13:45:09","guid":{"rendered":"https:\/\/www.sanier.pl\/wykwity-solne-na-elewacji\/"},"modified":"2025-04-22T13:18:16","modified_gmt":"2025-04-22T13:18:16","slug":"solne-vykvety-na-fasade","status":"publish","type":"post","link":"https:\/\/www.sanier.pl\/sk\/aktualnosci-sk\/solne-vykvety-na-fasade\/","title":{"rendered":"Soln\u00e9 v\u00fdkvety na fas\u00e1de"},"content":{"rendered":"<h1 style=\"text-align: center;\" data-start=\"0\" data-end=\"23\">Soln\u00e9 v\u00fdkvety na fas\u00e1de<\/h1>\n<p class=\"\" data-start=\"25\" data-end=\"423\">Soln\u00e9 v\u00fdkvety na fas\u00e1de s\u00fa probl\u00e9mom, ktor\u00fd m\u00f4\u017ee po\u0161kodi\u0165 vzh\u013ead budovy a ohrozi\u0165 jej trv\u00e1cnos\u0165. S\u00fa v\u00fdsledkom r\u00f4znych faktorov, ako je vlhkos\u0165 a mechanizmy migr\u00e1cie vody cez stavebn\u00e9 materi\u00e1ly. Je v\u0161ak d\u00f4le\u017eit\u00e9 vedie\u0165, \u017ee existuj\u00fa \u00fa\u010dinn\u00e9 sp\u00f4soby, ako predch\u00e1dza\u0165 tomuto javu, ktor\u00e9 by sa mali zv\u00e1\u017ei\u0165 u\u017e v \u0161t\u00e1diu projektovania a v\u00fdstavby budovy. Tu je nieko\u013eko k\u013e\u00fa\u010dov\u00fdch inform\u00e1ci\u00ed o tomto probl\u00e9me.<\/p>\n<h2 data-start=\"425\" data-end=\"482\"><strong data-start=\"425\" data-end=\"482\">Soln\u00e9 v\u00fdkvety na fas\u00e1de - z tohto \u010dl\u00e1nku sa dozviete:<\/strong><\/h2>\n<ul>\n<li><a href=\"#odkial-pochadzaju-solne-vykvety-na-fasade\">Odkia\u013e poch\u00e1dzaj\u00fa soln\u00e9 v\u00fdkvety na fas\u00e1de?<\/a><\/li>\n<li><a href=\"#ako-zabranit-vzniku-solnych-vykvetov-na-fasade\">Ako zabr\u00e1ni\u0165 vzniku soln\u00fdch v\u00fdkvetov na fas\u00e1de?<\/a><\/li>\n<li><a href=\"#ako-chranit-fasadu-pred-solnymi-vykvetmi\">Ako chr\u00e1ni\u0165 fas\u00e1du pred soln\u00fdmi v\u00fdkvetmi?<\/a><\/li>\n<li><a href=\"#vplyv-pripravy-a-aplikacie-stavebnych-materialov\">Ak\u00fd vplyv maj\u00fa vhodn\u00e9 podmienky pr\u00edpravy a aplik\u00e1cie stavebn\u00fdch materi\u00e1lov na vznik v\u00fdkvetov na fas\u00e1de?<\/a><\/li>\n<\/ul>\n<h3 id=\"odkial-pochadzaju-solne-vykvety-na-fasade\">Odkia\u013e poch\u00e1dzaj\u00fa soln\u00e9 v\u00fdkvety na fas\u00e1de?<\/h3>\n<p class=\"\" data-start=\"777\" data-end=\"1491\">Soln\u00e9 v\u00fdkvety na fas\u00e1de sa objavuj\u00fa hlavne z dvoch d\u00f4vodov. Po prv\u00e9, d\u00f4le\u017eit\u00fdm faktorom je vlhkos\u0165 v akejko\u013evek podobe (podzemn\u00e1 voda, da\u017e\u010fov\u00e9 zr\u00e1\u017eky). V tejto vode s\u00fa tie\u017e rozpusten\u00e9 organick\u00e9 l\u00e1tky poch\u00e1dzaj\u00face z rozkladn\u00fdch procesov a r\u00f4zne miner\u00e1lne soli, ktor\u00e9 m\u00f4\u017eu poch\u00e1dza\u0165 ako zo zeme, tak aj z pou\u017eit\u00fdch po\u013enohospod\u00e1rskych hnoj\u00edv. Tieto rozpusten\u00e9 soli v d\u00f4sledku odparovania vyskakuj\u00fa na povrch a n\u00e1sledne sa m\u00f4\u017eu op\u00e4\u0165 rozp\u00fa\u0161\u0165a\u0165 v d\u00f4sledku kondenz\u00e1cie vlhkosti, kv\u00f4li ich schopnosti absorbova\u0165 vlhkos\u0165. Tento jav \u010dasto sprev\u00e1dza zv\u00e4\u010d\u0161enie objemu, \u010do n\u00e1sledne vedie k de\u0161trukcii stavebn\u00fdch materi\u00e1lov. K\u013e\u00fa\u010dov\u00fdm faktorom v tomto pr\u00edpade je spr\u00e1vna hydroizol\u00e1cia z\u00e1kladov. Bez vlhkosti je tento jav nemo\u017en\u00fd.<\/p>\n<p class=\"\" data-start=\"1493\" data-end=\"1991\">Po druh\u00e9, d\u00f4le\u017eit\u00fdm probl\u00e9mom je mechanizmus migr\u00e1cie vody cez por\u00e9zne stavebn\u00e9 materi\u00e1ly, tzv. kapil\u00e1rne vzl\u00ednanie. Voda pren\u00e1\u0161a soli, ktor\u00e9 sa n\u00e1sledne kry\u0161talizuj\u00fa na povrchu fas\u00e1dy. Soln\u00e9 v\u00fdkvety m\u00f4\u017eu ma\u0165 r\u00f4zne formy a stupne rozpustnosti vo vode, v z\u00e1vislosti od chemick\u00e9ho slo\u017eenia sol\u00ed. Dlh\u0161\u00ed kontakt vody so zdrojom soli ovplyv\u0148uje vznik v\u00fdkvetov. Preto m\u00f4\u017eeme soln\u00e9 v\u00fdkvety rozdeli\u0165 na prim\u00e1rne, ktor\u00e9 vznikaj\u00fa priamo po postaven\u00ed fas\u00e1dy, a sekund\u00e1rne, ktor\u00e9 sa objavuj\u00fa a\u017e po dlh\u0161om \u010dase.<\/p>\n<p class=\"\" data-start=\"1993\" data-end=\"2334\">R\u00fdchlos\u0165 procesu migr\u00e1cie vody so so\u013eami z\u00e1vis\u00ed od teplotno-vlhkostnej rovnov\u00e1hy medzi podkladom a okol\u00edm. V obdobiach vy\u0161\u0161\u00edch tepl\u00f4t a vlhkosti tento proces prebieha intenz\u00edvnej\u0161ie, \u010do podporuje vznik soln\u00fdch v\u00fdkvetov. Preto v jarn\u00fdch a jesenn\u00fdch mesiacoch sa soln\u00e9 v\u00fdkvety objavuj\u00fa \u010dastej\u0161ie a intenz\u00edvnej\u0161ie ako v in\u00fdch ro\u010dn\u00fdch obdobiach.<\/p>\n<p class=\"\" data-start=\"2336\" data-end=\"2702\">Nakoniec, zlo\u017eenie a vlastnosti hydrof\u00f3bnych, dif\u00faznych a pevnostn\u00fdch stavebn\u00fdch materi\u00e1lov tie\u017e ovplyv\u0148uj\u00fa vznik v\u00fdkvetov. Aby sme minimalizovali ich v\u00fdskyt, je d\u00f4le\u017eit\u00e9 zabezpe\u010di\u0165 spr\u00e1vnu hydroizol\u00e1ciu a ochr\u00e1ni\u0165 fas\u00e1du vhodn\u00fdmi povrchov\u00fdmi \u00fapravami, ktor\u00e9 umo\u017enia \u00fa\u010dinn\u00e9 odv\u00e1dzanie vlhkosti a z\u00e1rove\u0148 poskytn\u00fa bari\u00e9ru pre prenikanie vody z vonkaj\u0161ieho prostredia.<\/p>\n<h3 id=\"ako-zabranit-vzniku-solnych-vykvetov-na-fasade\">Ako zabr\u00e1ni\u0165 vzniku soln\u00fdch v\u00fdkvetov na fas\u00e1de?<\/h3>\n<p class=\"\" data-start=\"2757\" data-end=\"3099\">Aj ke\u010f nem\u00e1me kontrolu nad chemick\u00fdm zlo\u017een\u00edm alebo vplyvom prostredia na fas\u00e1du budovy, existuj\u00fa kroky, ktor\u00e9 m\u00f4\u017eeme podnikn\u00fa\u0165, aby sme minimalizovali riziko vzniku ne\u017eiaducich v\u00fdkvetov. Na\u0161e opatrenia sa s\u00fastredia hlavne na v\u00fdber vhodn\u00fdch stavebn\u00fdch materi\u00e1lov a technol\u00f3gie hydroizol\u00e1cie. To je d\u00f4le\u017eit\u00e9 u\u017e na \u00favodnom \u0161t\u00e1diu projektovania.<\/p>\n<p class=\"\" data-start=\"3101\" data-end=\"3430\">Predov\u0161etk\u00fdm mus\u00ed by\u0165 budova spr\u00e1vne zabezpe\u010den\u00e1 pred vodou a vlhkos\u0165ou. \u010c\u00edm efekt\u00edvnej\u0161ie chr\u00e1nime z\u00e1klady a strechu pred vlhkos\u0165ou, t\u00fdm men\u0161ie je riziko vzniku soln\u00fdch v\u00fdkvetov. To je z\u00e1klad, ale aj v \u010fal\u0161\u00edch f\u00e1zach v\u00fdstavby je d\u00f4le\u017eit\u00e9 chr\u00e1ni\u0165 fas\u00e1du pred r\u00f4znymi zdrojmi vody, ako s\u00fa d\u00e1\u017e\u010f, podzemn\u00e1 voda a rozstrekovan\u00e1 voda.<\/p>\n<p class=\"\" data-start=\"3432\" data-end=\"3886\">Existuj\u00fa r\u00f4zne prostriedky, ktor\u00e9 m\u00f4\u017eu pom\u00f4c\u0165 pri ochrane pred soln\u00fdmi v\u00fdkvetmi. K\u013e\u00fa\u010dov\u00fdm aspektom je pou\u017e\u00edvanie stavebn\u00fdch materi\u00e1lov, ktor\u00e9 s\u00fa odoln\u00e9 vo\u010di vlhkosti a umo\u017e\u0148uj\u00fa r\u00fdchle vysu\u0161enie fas\u00e1dy. Av\u0161ak v modernej architekt\u00fare sa \u010dasto ignoruj\u00fa tradi\u010dn\u00e9 prvky, ako s\u00fa stre\u0161n\u00e9 krytiny a r\u00edmsy, ktor\u00e9 sa po st\u00e1ro\u010dia osved\u010dili v ochrane fas\u00e1d. Strecha \u00fa\u010dinne chr\u00e1ni pred atmosferick\u00fdmi zr\u00e1\u017ekami a skr\u00e1ti \u010das, po\u010das ktor\u00e9ho je fas\u00e1da vystaven\u00e1 vlhkosti.<\/p>\n<h3 id=\"ako-chranit-fasadu-pred-solnymi-vykvetmi\">Ako chr\u00e1ni\u0165 fas\u00e1du pred soln\u00fdmi v\u00fdkvetmi?<\/h3>\n<p class=\"\" data-start=\"3935\" data-end=\"5375\">Z\u00e1kladom je spr\u00e1vna hydroizol\u00e1cia, ale tie\u017e je d\u00f4le\u017eit\u00e9 zv\u00e1\u017ei\u0165 vhodn\u00e9 materi\u00e1ly na ochranu fas\u00e1dy. Pod pojmom ochrany technologickej budovy sa rozumej\u00fa v\u0161etky dodato\u010dn\u00e9 prostriedky ochrany povrchu, ktor\u00e9 zabezpe\u010duj\u00fa \u00fa\u010dinn\u00fa ochranu pred ne\u017eiaducim prenikan\u00edm da\u017e\u010fovej vody a vlhkosti. Tak\u00fato ochranu zabezpe\u010duje povrchov\u00e1 impregn\u00e1cia alebo pokrytie fas\u00e1dy ochrann\u00fdmi povlakmi. Pou\u017e\u00edvanie hydrof\u00f3bnych impregn\u00e1ci\u00ed zni\u017euje povrchov\u00e9 nap\u00e4tie podkladu, \u010d\u00edm sa zabr\u00e1ni jeho navlh\u010deniu vodou. S\u00fa\u010dasne vytvoren\u00fd povlak m\u00e1 mikropor\u00e9znu \u0161trukt\u00faru, ktor\u00e1 umo\u017e\u0148uje vo\u013en\u00e9 d\u00fdchanie vonkaj\u0161\u00edch stien. Be\u017ene sa pri hydrofobiz\u00e1cii sav\u00fdch stavebn\u00fdch materi\u00e1lov pou\u017e\u00edvaj\u00fa podkladov\u00e9 n\u00e1tery ako Hydropor a farba Armasil F. Tieto materi\u00e1ly s\u00fa zvl\u00e1\u0161\u0165 odpor\u00fa\u010dan\u00e9 na renova\u010dn\u00e9 natieranie povrchov vystaven\u00fdch intenz\u00edvnym poveternostn\u00fdm podmienkam a vy\u017eaduj\u00facich vysok\u00fa odolnos\u0165 proti zne\u010disteniu. Pou\u017e\u00edvaj\u00fa sa ako na miner\u00e1lnych podkladoch (napr. bet\u00f3n, tradi\u010dn\u00e9 cementov\u00e9 omietky, cementovo-v\u00e1penn\u00e9 a tenkovrstvov\u00e9 miner\u00e1lne omietky), tak aj na povrchoch pokryt\u00fdch n\u00e1termi na b\u00e1ze plastov\u00fdch materi\u00e1lov. Vytv\u00e1raj\u00fa trval\u00fd povlak s vysokou paropriepustnos\u0165ou a n\u00edzkou nasiakavos\u0165ou povrchu. Po navlh\u010den\u00ed silik\u00f3nov\u00e9ho povlaku sa na jeho povrchu vytv\u00e1ra efekt \u201eodpudzovania\u201c vodn\u00fdch \u010dast\u00edc. Tento efekt \u00fa\u010dinne chr\u00e1ni fas\u00e1du pred \u00fa\u010dinkami da\u017e\u010fov\u00fdch zr\u00e1\u017eok a v\u00fdrazne zni\u017euje usadzovanie ne\u010dist\u00f4t. Pred aplik\u00e1ciou farby je potrebn\u00e9 sav\u00fd podklad o\u0161etri\u0165 n\u00e1terom HYDROPOR.<\/p>\n<h3 id=\"vplyv-pripravy-a-aplikacie-stavebnych-materialov\">Ak\u00fd vplyv maj\u00fa vhodn\u00e9 podmienky pr\u00edpravy a aplik\u00e1cie stavebn\u00fdch materi\u00e1lov na vznik v\u00fdkvetov na fas\u00e1de?<\/h3>\n<p class=\"\" data-start=\"5486\" data-end=\"5898\">Vhodn\u00e9 podmienky pr\u00edpravy a aplik\u00e1cie stavebn\u00fdch materi\u00e1lov maj\u00fa k\u013e\u00fa\u010dov\u00fd vplyv na vznik v\u00fdkvetov na fas\u00e1de. Proces tuhnutia a tvrdnutia mnoh\u00fdch hydraulick\u00fdch stavebn\u00fdch materi\u00e1lov a tvorba zl\u00fa\u010den\u00edn rozpustn\u00fdch vo vode z\u00e1vis\u00ed do ve\u013ekej miery od spr\u00e1vneho technologick\u00e9ho re\u017eimu. Preto by sa pr\u00e1ce mali vykon\u00e1va\u0165 za \u0161pecifick\u00fdch podmienok, nez\u00e1visle od toho, \u010di ide o hotov\u00e9 malty alebo tie pripravovan\u00e9 na stavbe.<\/p>\n<p class=\"\" data-start=\"5900\" data-end=\"6317\">Je d\u00f4le\u017eit\u00e9 zd\u00f4razni\u0165, \u017ee teplota okolit\u00e9ho prostredia zohr\u00e1va v\u00fdznamn\u00fa \u00falohu \u2013 pr\u00e1ce by mali by\u0165 vykon\u00e1van\u00e9 pri teplot\u00e1ch nad +5\u00b0C a pod +25\u00b0C. Zvl\u00e1\u0161\u0165 po\u010das hor\u00facich dn\u00ed je d\u00f4le\u017eit\u00e9 obmedzi\u0165 pr\u00e1cu na priamom slnku a pou\u017ei\u0165 vhodn\u00e9 ochrann\u00e9 kryty na ochranu fas\u00e1dy. Po\u010das zr\u00e1\u017eok sa neodpor\u00fa\u010da pokra\u010dova\u0165 v pr\u00e1cach a v\u0161etky ochrann\u00e9 opatrenia, ako s\u00fa f\u00f3lie, by mali by\u0165 pou\u017eit\u00e9 na zabezpe\u010denie m\u00faru pred prienikom vody.<\/p>\n<p class=\"\" data-start=\"6319\" data-end=\"6644\">Po dokon\u010den\u00ed procesov mur\u00e1rskych a omietac\u00edch pr\u00e1c je potrebn\u00e9 po\u010dka\u0165 vhodn\u00fd \u010das, ktor\u00fd z\u00e1vis\u00ed od poveternostn\u00fdch podmienok, aby sa umo\u017enilo odparenie technologickej vody z m\u00faru. A\u017e po jej odstr\u00e1nen\u00ed m\u00f4\u017eeme prist\u00fapi\u0165 k fin\u00e1lnym \u00faprav\u00e1m. Je potrebn\u00e9 tie\u017e spr\u00e1vne zabezpe\u010di\u0165 vonkaj\u0161iu stenu proti kapil\u00e1rnemu vzl\u00ednaniu vlhkosti<\/p>\n","protected":false},"excerpt":{"rendered":"<p>Soln\u00e9 v\u00fdkvety na fas\u00e1de Soln\u00e9 v\u00fdkvety na fas\u00e1de s\u00fa probl\u00e9mom, ktor\u00fd m\u00f4\u017ee po\u0161kodi\u0165 vzh\u013ead budovy a ohrozi\u0165 jej trv\u00e1cnos\u0165. S\u00fa v\u00fdsledkom r\u00f4znych faktorov, ako je vlhkos\u0165<span class=\"excerpt-hellip\"> [\u2026]<\/span><\/p>\n","protected":false},"author":55,"featured_media":273115,"comment_status":"open","ping_status":"open","sticky":false,"template":"","format":"standard","meta":{"footnotes":""},"categories":[1115,1116,1121,1119],"tags":[],"class_list":["post-280529","post","type-post","status-publish","format-standard","has-post-thumbnail","hentry","category-aktualnosci-sk","category-hydroizolacje-sk","category-porady-sk","category-renowacje-sk"],"_links":{"self":[{"href":"https:\/\/www.sanier.pl\/sk\/wp-json\/wp\/v2\/posts\/280529","targetHints":{"allow":["GET"]}}],"collection":[{"href":"https:\/\/www.sanier.pl\/sk\/wp-json\/wp\/v2\/posts"}],"about":[{"href":"https:\/\/www.sanier.pl\/sk\/wp-json\/wp\/v2\/types\/post"}],"author":[{"embeddable":true,"href":"https:\/\/www.sanier.pl\/sk\/wp-json\/wp\/v2\/users\/55"}],"replies":[{"embeddable":true,"href":"https:\/\/www.sanier.pl\/sk\/wp-json\/wp\/v2\/comments?post=280529"}],"version-history":[{"count":0,"href":"https:\/\/www.sanier.pl\/sk\/wp-json\/wp\/v2\/posts\/280529\/revisions"}],"wp:featuredmedia":[{"embeddable":true,"href":"https:\/\/www.sanier.pl\/sk\/wp-json\/wp\/v2\/media\/273115"}],"wp:attachment":[{"href":"https:\/\/www.sanier.pl\/sk\/wp-json\/wp\/v2\/media?parent=280529"}],"wp:term":[{"taxonomy":"category","embeddable":true,"href":"https:\/\/www.sanier.pl\/sk\/wp-json\/wp\/v2\/categories?post=280529"},{"taxonomy":"post_tag","embeddable":true,"href":"https:\/\/www.sanier.pl\/sk\/wp-json\/wp\/v2\/tags?post=280529"}],"curies":[{"name":"wp","href":"https:\/\/api.w.org\/{rel}","templated":true}]}}