{"id":280463,"date":"2023-08-04T12:42:48","date_gmt":"2023-08-04T12:42:48","guid":{"rendered":"https:\/\/www.sanier.pl\/jaka-elewacja-pasuje-do-dachu-zielonego\/"},"modified":"2025-04-17T10:22:06","modified_gmt":"2025-04-17T10:22:06","slug":"jaka-elewacja-pasuje-do-dachu-zielonego","status":"publish","type":"post","link":"https:\/\/www.sanier.pl\/sk\/aktualnosci-sk\/jaka-elewacja-pasuje-do-dachu-zielonego\/","title":{"rendered":"Ak\u00e1 fas\u00e1da sa hod\u00ed k zelen\u00e9mu strech\u00e1m?"},"content":{"rendered":"<p>[vc_row][vc_column][vc_column_text]<\/p>\n<div class=\"flex max-w-full flex-col grow\">\n<div class=\"min-h-8 text-message relative flex w-full flex-col items-end gap-2 text-start break-words whitespace-normal [.text-message+&amp;]:mt-5\" dir=\"auto\" data-message-author-role=\"assistant\" data-message-id=\"910f53a8-9851-47ec-ba4a-ecb66974458e\" data-message-model-slug=\"gpt-4o-mini\">\n<div class=\"flex w-full flex-col gap-1 empty:hidden first:pt-[3px]\">\n<h1 data-start=\"0\" data-end=\"41\">Ak\u00e1 fas\u00e1da sa hod\u00ed k zelen\u00e9mu strech\u00e1m? \u2013<\/h1>\n<h2 data-start=\"0\" data-end=\"41\">z tohto \u010dl\u00e1nku sa dozviete:<\/h2>\n<ul>\n<li><a href=\"#zelene-strechy-ako-atrybut-modernych-budov\">Zelen\u00e9 strechy ako atrakt\u00edvny prvok budovy<\/a><\/li>\n<li><a href=\"#ako-vybrat-fasadu-k-zelenemu-strechu\">Ak\u00e1 fas\u00e1da pasuje k zelen\u00e9mu streche?<\/a><\/li>\n<li><a href=\"#biele-fasady-univerzalne-riesenie\">Biele fas\u00e1dy - univerz\u00e1lne rie\u0161enie pre zelen\u00e9 strechy?<\/a><\/li>\n<li><a href=\"#zelene-strechy-v-modernom-style\">Zelen\u00fd strech v modernom \u0161t\u00fdle<\/a><\/li>\n<li><a href=\"#ekologicke-aspekty-vyberu-materialov\">Ekologick\u00e9 aspekty pri v\u00fdbere materi\u00e1lov<\/a><\/li>\n<li><a href=\"#skombinovanie-vysoce-estetickych-fasad\">Zauj\u00edmav\u00e9 pr\u00edstupy k fas\u00e1dam a kombin\u00e1cie r\u00f4znych \u0161t\u00fdlov<\/a><\/li>\n<\/ul>\n<\/div>\n<\/div>\n<\/div>\n<div class=\"flex justify-start\"><\/div>\n<p>&nbsp;<\/p>\n<p>[\/vc_column_text][vc_column_text]<\/p>\n<p>&nbsp;<\/p>\n<p>&nbsp;<\/p>\n<p>&nbsp;<\/p>\n<p>&nbsp;<\/p>\n<p>&nbsp;<\/p>\n<h3 id=\"zelene-strechy-ako-atrybut-modernych-budov\">Zelen\u00e9 strechy ako atrakt\u00edvny prvok budovy<\/h3>\n<p class=\"\" data-start=\"127\" data-end=\"384\"><a href=\"https:\/\/www.sanier.pl\/sk\/bw-hasla\/dachy-zielone\/\">Zelen\u00e9 strechy<\/a> s\u00fa atrakt\u00edvnym prvkom budovy. Ploch\u00e9 strechy pokryt\u00e9 zelen\u00fdmi plochami v podobe intenz\u00edvneho alebo extenz\u00edvneho strechu zd\u00f4raz\u0148uj\u00fa ekologick\u00fd charakter domu a modern\u00fa architekt\u00faru. Spr\u00e1vne zvolen\u00e1 fas\u00e1da pom\u00e1ha vytvori\u0165 harmonick\u00fa kompoz\u00edciu.<\/p>\n<h3 id=\"ako-vybrat-fasadu-k-zelenemu-strechu\">Ak\u00e1 fas\u00e1da pasuje k zelen\u00e9mu streche?<\/h3>\n<p class=\"\" data-start=\"429\" data-end=\"916\">Zelen\u00fd strech nie je v\u017edy doslova zelen\u00fd. Jeho skuto\u010dn\u00e1 farba z\u00e1vis\u00ed od typu strechy (intenz\u00edvna strecha alebo extenz\u00edvna strecha) a typu vysaden\u00fdch rastl\u00edn. M\u00f4\u017eu ho pokr\u00fdva\u0165 sukulenty, tr\u00e1vy, byliny, kr\u00edky a dokonca stromy v pr\u00edpade intenz\u00edvnych zelen\u00fdch striech. \u010casto je zelen\u00fd strech (najm\u00e4 extenz\u00edvny) nevidite\u013en\u00fd zo zeme a zachov\u00e1va tradi\u010dn\u00fd vzh\u013ead ploch\u00e9ho strechu. Av\u0161ak zelen\u00e9 plochy s\u00fa viac vidite\u013en\u00e9 zo vn\u00fatra budovy alebo zo susedn\u00fdch stavieb. Ako to ovplyv\u0148uje farbu fas\u00e1dy?<\/p>\n<p class=\"\" data-start=\"918\" data-end=\"1319\">Pri v\u00fdbere farby fas\u00e1dy pre budovu so zelen\u00fdm strechom sa m\u00f4\u017eeme riadi\u0165 vlastn\u00fdm vkusom. Zelen\u00e9 strechy a vlhkos\u0165, ktor\u00e1 na nich zost\u00e1va, neovplyv\u0148uj\u00fa stav ani vzh\u013ead fas\u00e1dy. Pri spr\u00e1vne vykonanej<a href=\"https:\/\/www.sanier.pl\/produkt\/sk-w-full-bond\/\"> hydroizol\u00e1cii ploch\u00e9ho strechu<\/a> sa nemus\u00edme ob\u00e1va\u0165 negat\u00edvnych \u00fa\u010dinkov vody a vlhkosti. Preto m\u00f4\u017eeme realizova\u0165 najodv\u00e1\u017enej\u0161ie architektonick\u00e9 v\u00edzie, ani\u017e by sme sa vzdali ekologick\u00e9ho a funk\u010dn\u00e9ho strechu.<\/p>\n<h3 id=\"biele-fasady-univerzalne-riesenie\">Biele fas\u00e1dy - univerz\u00e1lne rie\u0161enie pre zelen\u00e9 strechy?<\/h3>\n<p class=\"\" data-start=\"1382\" data-end=\"1704\">Hoci odtie\u0148 fas\u00e1dy pre budovu so zelen\u00fdm strechom je vybran\u00fd individu\u00e1lne, mnoho \u013eud\u00ed sa rozhoduje pre klasick\u00fa bielu fas\u00e1du. Av\u0161ak, aj ke\u010f biely povrch m\u00e1 svoje \u010daro, m\u00f4\u017ee sa uk\u00e1za\u0165 ako nepraktick\u00fd, najm\u00e4 v mestsk\u00fdch podmienkach. Prach a ne\u010distoty usadzuj\u00face sa na bielych fas\u00e1dach r\u00fdchlo po\u0161kodzuj\u00fa ich estetick\u00fd vzh\u013ead.<\/p>\n<p class=\"\" data-start=\"1706\" data-end=\"1944\">Existuje v\u0161ak aj rovnako atrakt\u00edvna, ale praktickej\u0161ia alternat\u00edva - fas\u00e1dy v odtie\u0148och \u0161edej alebo svetlej sivej. Ne\u010distoty s\u00fa na nich menej vidite\u013en\u00e9 a zelen\u00fd strech st\u00e1le o\u010dar\u00ed ako kr\u00e1sne pozadie, ktor\u00e9 zd\u00f4raz\u0148uje svetl\u00e9 fas\u00e1dy budovy.<\/p>\n<p class=\"\" data-start=\"1946\" data-end=\"2404\">Biela, jemne biela a odtiene sivej s\u00fa vynikaj\u00facim rie\u0161en\u00edm nielen pre budovy s tradi\u010dnou plochou strechou, kde m\u00f4\u017eeme zrealizova\u0165 intenz\u00edvnu aj extenz\u00edvnu z\u00e1hradu (v z\u00e1vislosti od nosnosti kon\u0161trukcie), ale aj pre domy so \u0161ikmou strechou. Dokonca aj na streche s sklonom do 45 stup\u0148ov m\u00f4\u017eeme nain\u0161talova\u0165 extenz\u00edvnu z\u00e1hradu. Tieto farby nielen dod\u00e1vaj\u00fa fas\u00e1dam elegantn\u00fd vzh\u013ead, ale tie\u017e dokonale ladia so zelen\u00fdmi strechami, pod\u010diarkuj\u00fac ich pr\u00edrodn\u00fa kr\u00e1su.<\/p>\n<h3 id=\"zelene-strechy-v-modernom-style\">Zelen\u00fd strech v modernom \u0161t\u00fdle<\/h3>\n<p class=\"\" data-start=\"2442\" data-end=\"2771\">V modern\u00fdch architekt\u00farach sa kladie d\u00f4raz na jednoduchos\u0165, symetriu a minimalizmus. Klasick\u00e9 prvky sa kombinuj\u00fa s modern\u00fdmi povrchov\u00fdmi \u00fapravami, ako je drevo a surov\u00fd bet\u00f3n, alebo ve\u013ek\u00e9 presklenia. S\u00fa\u010dasn\u00e9 budovy \u010doraz viac stavaj\u00fa aj na energetick\u00fa \u00faspornos\u0165 a ekol\u00f3giu. Preto zelen\u00fd strech dokonale zapad\u00e1 do modern\u00fdch domov.<\/p>\n<h3 id=\"ekologicke-aspekty-vyberu-materialov\">Ekologick\u00e9 aspekty pri v\u00fdbere materi\u00e1lov<\/h3>\n<p class=\"\" data-start=\"2773\" data-end=\"2976\">Je tie\u017e d\u00f4le\u017eit\u00e9 venova\u0165 pozornos\u0165 ekologick\u00fdm aspektom pri v\u00fdbere materi\u00e1lov pre fas\u00e1du. S\u00fa\u010dasn\u00e9 omietky a farby s n\u00edzkym obsahom \u0161kodliv\u00fdch l\u00e1tok zaru\u010duj\u00fa trvanlivos\u0165 a \u0161etrnos\u0165 k \u017eivotn\u00e9mu prostrediu.<\/p>\n<h3 id=\"skombinovanie-vysoce-estetickych-fasad\">Zauj\u00edmav\u00e9 pr\u00edstupy k fas\u00e1dam a kombin\u00e1cie r\u00f4znych \u0161t\u00fdlov<\/h3>\n<p class=\"\" data-start=\"2978\" data-end=\"3489\">Zauj\u00edmav\u00fdm pr\u00edstupom je aj eklektick\u00e9 sp\u00e1janie r\u00f4znych architektonick\u00fdch \u0161t\u00fdlov, \u010do umo\u017e\u0148uje dosiahnu\u0165 jedine\u010dn\u00fd efekt. Dreven\u00e1 fas\u00e1da m\u00f4\u017ee by\u0165 dokonale skombinovan\u00e1 s modern\u00fdmi prvkami zo skla a ocele. Svetl\u00e9 pastelov\u00e9 farby alebo klasick\u00e9 b\u00e9\u017eov\u00e9 a biele odtiene na fas\u00e1de kr\u00e1sne ladia so <a href=\"https:\/\/www.sanier.pl\/sk\/bw-hasla\/dachy-zielone\/\">zelen\u00fdm strechom<\/a>, dod\u00e1vaj\u00fac mu jemnos\u0165 a subtilnos\u0165. M\u00f4\u017eeme tie\u017e kombinova\u0165 r\u00f4zne povrchov\u00e9 \u00fapravy, ako je dekorat\u00edvna omietka s bet\u00f3nov\u00fdm efektom, <a href=\"https:\/\/www.sanier.pl\/sk\/dekorativne-efekty\/\">tehla<\/a> alebo <a href=\"https:\/\/www.sanier.pl\/tag\/efekt-deski\/\">drevo<\/a>, aby sme pod\u010diarkli v\u00fdnimo\u010dnos\u0165 a originalitu projektu.<\/p>\n<p class=\"\" data-start=\"3491\" data-end=\"3617\">T\u00fdmto sp\u00f4sobom sa zelen\u00fd strech st\u00e1va kr\u00e1snym a harmonick\u00fdm prvkom modernej architekt\u00fary, s\u00fa\u010dasnej, ekologickej a nezvy\u010dajnej.[\/vc_column_text][\/vc_column][\/vc_row]<\/p>\n","protected":false},"excerpt":{"rendered":"<p>[vc_row][vc_column][vc_column_text] Ak\u00e1 fas\u00e1da sa hod\u00ed k zelen\u00e9mu strech\u00e1m? \u2013 z tohto \u010dl\u00e1nku sa dozviete: Zelen\u00e9 strechy ako atrakt\u00edvny prvok budovy Ak\u00e1 fas\u00e1da pasuje k zelen\u00e9mu streche?<span class=\"excerpt-hellip\"> [\u2026]<\/span><\/p>\n","protected":false},"author":55,"featured_media":273057,"comment_status":"open","ping_status":"open","sticky":false,"template":"","format":"standard","meta":{"footnotes":""},"categories":[1115,1133],"tags":[],"class_list":["post-280463","post","type-post","status-publish","format-standard","has-post-thumbnail","hentry","category-aktualnosci-sk","category-ocieplenia-sk"],"_links":{"self":[{"href":"https:\/\/www.sanier.pl\/sk\/wp-json\/wp\/v2\/posts\/280463","targetHints":{"allow":["GET"]}}],"collection":[{"href":"https:\/\/www.sanier.pl\/sk\/wp-json\/wp\/v2\/posts"}],"about":[{"href":"https:\/\/www.sanier.pl\/sk\/wp-json\/wp\/v2\/types\/post"}],"author":[{"embeddable":true,"href":"https:\/\/www.sanier.pl\/sk\/wp-json\/wp\/v2\/users\/55"}],"replies":[{"embeddable":true,"href":"https:\/\/www.sanier.pl\/sk\/wp-json\/wp\/v2\/comments?post=280463"}],"version-history":[{"count":0,"href":"https:\/\/www.sanier.pl\/sk\/wp-json\/wp\/v2\/posts\/280463\/revisions"}],"wp:featuredmedia":[{"embeddable":true,"href":"https:\/\/www.sanier.pl\/sk\/wp-json\/wp\/v2\/media\/273057"}],"wp:attachment":[{"href":"https:\/\/www.sanier.pl\/sk\/wp-json\/wp\/v2\/media?parent=280463"}],"wp:term":[{"taxonomy":"category","embeddable":true,"href":"https:\/\/www.sanier.pl\/sk\/wp-json\/wp\/v2\/categories?post=280463"},{"taxonomy":"post_tag","embeddable":true,"href":"https:\/\/www.sanier.pl\/sk\/wp-json\/wp\/v2\/tags?post=280463"}],"curies":[{"name":"wp","href":"https:\/\/api.w.org\/{rel}","templated":true}]}}