{"id":280280,"date":"2023-05-05T10:35:22","date_gmt":"2023-05-05T10:35:22","guid":{"rendered":"https:\/\/www.sanier.pl\/hydroizolacja-czesci-podziemnej-kamienicy\/"},"modified":"2025-04-11T11:13:11","modified_gmt":"2025-04-11T11:13:11","slug":"hydroizolacja-czesci-podziemnej-kamienicy","status":"publish","type":"post","link":"https:\/\/www.sanier.pl\/sk\/porady-sk\/hydroizolacje-sk\/hydroizolacja-czesci-podziemnej-kamienicy\/","title":{"rendered":"Hydroizol\u00e1cia podzemnej \u010dasti historickej budovy"},"content":{"rendered":"<p>[vc_row][vc_column][vc_column_text]<\/p>\n<div class=\"flex max-w-full flex-col grow\">\n<div class=\"min-h-8 text-message relative flex w-full flex-col items-end gap-2 text-start break-words whitespace-normal [.text-message+&amp;]:mt-5\" dir=\"auto\" data-message-author-role=\"assistant\" data-message-id=\"36a6c7d6-7ce2-4223-a334-49350604d712\" data-message-model-slug=\"gpt-4o-mini\">\n<div class=\"flex w-full flex-col gap-1 empty:hidden first:pt-[3px]\">\n<h1 data-start=\"0\" data-end=\"48\">Hydroizol\u00e1cia podzemnej \u010dasti historickej budovy<\/h1>\n<h2 data-start=\"50\" data-end=\"116\">Pr\u00edpadov\u00e1 \u0161t\u00fadia: Hydroizol\u00e1cia podzemnej \u010dasti historickej budovy<\/h2>\n<p class=\"\" data-start=\"118\" data-end=\"440\">Hydroizol\u00e1cia historick\u00fdch budov nie je jednoduchou \u00falohou. Vlhkos\u0165 je jedn\u00fdm z hlavn\u00fdch probl\u00e9mov, s ktor\u00fdmi sa stret\u00e1vaj\u00fa u\u017e\u00edvatelia historick\u00fdch stavieb. Spr\u00e1vna hydroizol\u00e1cia a renov\u00e1cia objektu ju ochr\u00e1ni na mnoho rokov pred hromadiacimi sa probl\u00e9mami, ktor\u00e9 m\u00f4\u017eu vies\u0165 k po\u0161kodeniu p\u00f4vodnej formy a \u0161trukt\u00fary budovy.<\/p>\n<p class=\"\" data-start=\"442\" data-end=\"991\">Podzemn\u00e9 \u010dasti budovy s\u00fa vystaven\u00e9 p\u00f4sobeniu vody a vlhkosti. Spr\u00e1vna hydroizol\u00e1cia historick\u00fdch budov je jednou z najd\u00f4le\u017eitej\u0161\u00edch \u00faloh, na ktor\u00e9 musia myslie\u0165 vlastn\u00edci t\u00fdchto historick\u00fdch stavieb, aby zachovali ich p\u00f4vodn\u00fa \u0161trukt\u00faru a charakter. Hydroizol\u00e1cia je proces, pri ktorom sa izoluje kon\u0161trukcia budovy pred vlhkos\u0165ou, \u010d\u00edm sa chr\u00e1ni pred po\u0161koden\u00edm sp\u00f4soben\u00fdm vodou. V pr\u00edpade historick\u00fdch budov m\u00e1 hydroizol\u00e1cia k\u013e\u00fa\u010dov\u00fd v\u00fdznam, preto\u017ee po\u0161kodenie kon\u0161trukcie m\u00f4\u017ee by\u0165 nezvratn\u00e9 a vies\u0165 k zni\u010deniu kult\u00farnej a historickej hodnoty budovy.<\/p>\n<p class=\"\" data-start=\"993\" data-end=\"1273\">Hydroizol\u00e1cia historick\u00fdch budov si vy\u017eaduje \u0161peci\u00e1lne znalosti, preto\u017ee tieto budovy boli \u010dasto postaven\u00e9 z historick\u00fdch materi\u00e1lov. Existuje aj mnoho faktorov, ktor\u00e9 ovplyv\u0148uj\u00fa proces hydroizol\u00e1cie, ako s\u00fa klimatick\u00e9 podmienky, \u00farove\u0148 podzemnej vody, druh izol\u00e1cie a vek budovy.<\/p>\n<p class=\"\" data-start=\"1275\" data-end=\"1746\">Pred za\u010dat\u00edm hydroizol\u00e1cie historickej budovy je potrebn\u00e9 vykona\u0165 podrobn\u00fa anal\u00fdzu stavu budovy, vr\u00e1tane hodnotenia vlhkosti, hodnotenia kon\u0161trukcie, identifik\u00e1cie existuj\u00facich po\u0161koden\u00ed a odhadu stup\u0148a vystavenia vlhkosti. Na z\u00e1klade t\u00fdchto inform\u00e1ci\u00ed m\u00f4\u017ee expert na hydroizol\u00e1ciu ur\u010di\u0165 najvhodnej\u0161iu met\u00f3du hydroizol\u00e1cie, ktor\u00e1 najlep\u0161ie vyhovuje konkr\u00e9tnej historickej budove. Je tie\u017e d\u00f4le\u017eit\u00e9 pam\u00e4ta\u0165 na pokyny a z\u00e1sahy konzerv\u00e1tora pamiatok, ktor\u00fd sa star\u00e1 o objekt.<\/p>\n<p class=\"\" data-start=\"1748\" data-end=\"2050\">Modern\u00e9 met\u00f3dy a materi\u00e1ly na hydroizol\u00e1ciu a renov\u00e1ciu nemusia by\u0165 vhodn\u00e9 pre historick\u00e9 budovy. Ich modern\u00e9 formul\u00e1cie m\u00f4\u017eu zmeni\u0165 vzh\u013ead budovy a naru\u0161i\u0165 jej p\u00f4vodn\u00fa \u0161trukt\u00faru. Preto sa naj\u010dastej\u0161ie pou\u017e\u00edvaj\u00fa materi\u00e1ly, ktor\u00e9 s\u00fa zlo\u017een\u00edm podobn\u00e9 p\u00f4vodn\u00fdm, alebo ktor\u00e9 s\u00fa vhodn\u00e9 pre \u0161trukt\u00faru budovy.<\/p>\n<p class=\"\" data-start=\"2052\" data-end=\"2355\">Spr\u00e1vne vykonanie hydroizol\u00e1cie a renov\u00e1cie je k\u013e\u00fa\u010dov\u00e9 pre udr\u017eanie historick\u00fdch budov v dobrom stave. Existuj\u00fa v\u0161ak ur\u010dit\u00e9 v\u00fdzvy, ktor\u00e9 treba zoh\u013eadni\u0165 pri vykon\u00e1van\u00ed tohto procesu. Predov\u0161etk\u00fdm ka\u017ed\u00e1 budova je in\u00e1 a vy\u017eaduje individu\u00e1lny pr\u00edstup, ktor\u00fd zoh\u013ead\u0148uje jej jedine\u010dn\u00e9 vlastnosti a podmienky.<\/p>\n<\/div>\n<\/div>\n<\/div>\n<div class=\"flex justify-start\"><\/div>\n<h2><\/h2>\n<p>[\/vc_column_text][vc_empty_space][\/vc_column][\/vc_row][vc_row][vc_column width=\"1\/3\"][vc_single_image image=\"260720\" img_size=\"large\"][\/vc_column][vc_column width=\"1\/3\"][vc_single_image image=\"260721\" img_size=\"large\"][\/vc_column][vc_column width=\"1\/3\"][vc_single_image image=\"260719\" img_size=\"large\"][\/vc_column][\/vc_row][vc_row][vc_column width=\"1\/2\"][vc_single_image image=\"260735\" img_size=\"large\"][\/vc_column][vc_column width=\"1\/2\"][vc_single_image image=\"260718\" img_size=\"full\"][\/vc_column][\/vc_row][vc_row][vc_column][vc_empty_space][vc_empty_space][vc_column_text]<\/p>\n<div class=\"flex max-w-full flex-col grow\">\n<div class=\"min-h-8 text-message relative flex w-full flex-col items-end gap-2 text-start break-words whitespace-normal [.text-message+&amp;]:mt-5\" dir=\"auto\" data-message-author-role=\"assistant\" data-message-id=\"a6aa6a36-b2e7-4186-ad12-49faa1eceea5\" data-message-model-slug=\"gpt-4o-mini\">\n<div class=\"flex w-full flex-col gap-1 empty:hidden first:pt-[3px]\">\n<h2 data-start=\"0\" data-end=\"66\">Pr\u00edpadov\u00e1 \u0161t\u00fadia: Hydroizol\u00e1cia podzemnej \u010dasti historickej budovy<\/h2>\n<p class=\"\" data-start=\"68\" data-end=\"115\"><strong>Objekt: Historick\u00e1 budova v krakovskom Podg\u00f3rzu<\/strong><\/p>\n<p class=\"\" data-start=\"117\" data-end=\"178\"><strong>Pr\u00e1ce: vertik\u00e1lna hydroizol\u00e1cia zvonku \u2192 podzemn\u00e1 \u010das\u0165 budovy<\/strong><\/p>\n<p class=\"\" data-start=\"180\" data-end=\"329\">Na \u00fazem\u00ed objektu sa uskuto\u010dnia pr\u00e1ce s\u00favisiace s vytvoren\u00edm dvojradovej horizont\u00e1lnej bari\u00e9ry, ktor\u00e1 oddel\u00ed stropy vo v\u00fd\u0161ke 50 cm nad \u00farov\u0148ou ter\u00e9nu.<\/p>\n<p class=\"\" data-start=\"331\" data-end=\"844\">Pr\u00e1ce sa bud\u00fa vykon\u00e1va\u0165 vn\u00fatri miestnosti, pri\u010dom funk\u010dn\u00e9 pivnice bud\u00fa pokryt\u00e9 pevn\u00fdm \u0161lamom. Horizont\u00e1lna bari\u00e9ra pri strope bude vykonan\u00e1 na sten\u00e1ch, ktor\u00e9 nebud\u00fa pokryt\u00e9 vonkaj\u0161ou vertik\u00e1lnou hydroizol\u00e1ciou. Na sten\u00e1ch, kde bude vykonan\u00e1 vonkaj\u0161ia hydroizol\u00e1cia, sa bari\u00e9ra umiestni nad \"z\u00e1mkom\" vytvoren\u00fdm z liateho bet\u00f3nu. V pr\u00edpade pivnice, v ktorej boli preh\u013aben\u00e9 tehlov\u00e9 steny a vykonan\u00e1 podlahov\u00e1 doska, konzerv\u00e1tor nes\u00fahlasil s pou\u017eit\u00edm \u017eelezobet\u00f3nov\u00fdch stropov a rozhodlo sa pou\u017ei\u0165 \u013eah\u0161ie prefabrik\u00e1ty.<\/p>\n<\/div>\n<\/div>\n<\/div>\n<div class=\"flex justify-start\"><\/div>\n<p>[\/vc_column_text][vc_empty_space][vc_column_text]<\/p>\n<h3>Odpor\u00fa\u010dan\u00e9 materi\u00e1ly:<\/h3>\n<ul>\n<li><a href=\"https:\/\/www.sanier.pl\/produkt\/bostik-kiesey-horizontalstopp\/\"><strong>Bostik Kiesey Horizontalstopp<\/strong><\/a><\/li>\n<li><a href=\"https:\/\/www.sanier.pl\/produkt\/k11-schlamme-grau\/\"><strong>Bostik K11 Schl\u00e4mme Grau<\/strong><\/a><\/li>\n<li><a href=\"https:\/\/www.sanier.pl\/produkt\/bostik_sanitary_band_extra_tasma_uszczelniajaca\/\"><strong>Bostik Ardatape Tmelov\u00e1 p\u00e1ska 120 50m (fl\u00edzovina)<\/strong><\/a><\/li>\n<li><a href=\"https:\/\/www.sanier.pl\/produkt\/k11-flex-schlamme-grau\/\"><strong>Bostik Flex Schl\u00e4mme K11<\/strong><\/a><\/li>\n<\/ul>\n<p>&nbsp;<\/p>\n<h3><\/h3>\n<p>[\/vc_column_text][vc_empty_space][\/vc_column][\/vc_row][vc_row][vc_column width=\"1\/4\"][vc_hoverbox image=\"244656\" primary_title=\"\" hover_title=\"Bostik Kiesey Horizontalstopp\" hover_btn_title=\"<span class=\"Y2IQFc\" lang=\"sk\">K\u00fapi\u0165<\/span>\" hover_btn_color=\"sky\" hover_add_button=\"true\" hover_btn_link=\"url:https%3A%2F%2Fwww.sanier.pl%2Fprodukt%2Fbostik-kiesey-horizontalstopp%2F|title:Bostik%20Kiesey%20Horizontalstopp\"]<\/p>\n<p>&nbsp;<\/p>\n<p>&nbsp;<\/p>\n<p>&nbsp;<\/p>\n<p>[\/vc_hoverbox][\/vc_column][vc_column width=\"1\/4\"][vc_hoverbox image=\"3693\" primary_title=\"\" hover_title=\"Bostik K11 Schl\u00e4mme Grau\" hover_btn_title=\"<span class=\"Y2IQFc\" lang=\"sk\">K\u00fapi\u0165<\/span>\" hover_btn_color=\"sky\" hover_add_button=\"true\" hover_btn_link=\"url:https%3A%2F%2Fwww.sanier.pl%2Fprodukt%2Fk11-schlamme-grau%2F|title:K11%20Schl%C3%A4mme%20Grau\"]<\/p>\n<p>&nbsp;<\/p>\n<p>[\/vc_hoverbox][\/vc_column][vc_column width=\"1\/4\"][vc_hoverbox image=\"258056\" primary_title=\"\" hover_title=\"<span class=\"Y2IQFc\" lang=\"sk\">Bostik Ardatape tesniaca p\u00e1ska 120 50m (netkan\u00e1)<\/span>\" hover_btn_title=\"<span class=\"Y2IQFc\" lang=\"sk\">K\u00fapi\u0165<\/span>\" hover_btn_color=\"sky\" hover_add_button=\"true\" hover_btn_link=\"url:https%3A%2F%2Fwww.sanier.pl%2Fprodukt%2Fbostik_sanitary_band_extra_tasma_uszczelniajaca%2F|title:BOSTIK%20Ardatape%20Ta%C5%9Bma%20uszczelniaj%C4%85ca%20120%2050m%20(flizelina)\"][\/vc_hoverbox][\/vc_column][vc_column width=\"1\/4\"][vc_hoverbox image=\"3694\" primary_title=\"\" hover_title=\"Bostik Flex Schl\u00e4mme K11\" hover_btn_title=\"<span class=\"Y2IQFc\" lang=\"sk\">K\u00fapi\u0165<\/span>\" hover_btn_color=\"sky\" hover_add_button=\"true\" hover_btn_link=\"url:https%3A%2F%2Fwww.sanier.pl%2Fprodukt%2Fk11-flex-schlamme-grau%2F|title:Flex%20Schl%C3%A4mme%20K11%20%20%7C%20Bostik\"][\/vc_hoverbox][\/vc_column][\/vc_row][vc_row][vc_column][vc_empty_space][vc_column_text]<\/p>\n<h3>Hydroizol\u00e1cia bit\u00famenov\u00e1 na vonkaj\u0161ej strane:<\/h3>\n<ul>\n<li><a href=\"https:\/\/www.sanier.pl\/produkt\/bostik-dickbeschichtung-2k\/\"><b>Bostik Dickbeschichtung 2K+<\/b><\/a><\/li>\n<li><a href=\"https:\/\/www.sanier.pl\/produkt\/k-100-schwarz-bostik\/\"><b>Bostik <\/b><b>K 100 Schwarz<\/b><\/a><\/li>\n<\/ul>\n<p>[\/vc_column_text][vc_empty_space][\/vc_column][\/vc_row][vc_row][vc_column width=\"1\/2\"][vc_hoverbox image=\"244347\" primary_title=\"\" hover_title=\"Bostik Dickbeschichtung 2K+\" hover_btn_title=\"<span class=\"Y2IQFc\" lang=\"sk\">K\u00fapi\u0165<\/span>\" hover_btn_color=\"sky\" hover_add_button=\"true\" hover_btn_link=\"url:https%3A%2F%2Fwww.sanier.pl%2Fprodukt%2Fbostik-dickbeschichtung-2k%2F|title:Hydroizolacja%20Dickbeschichtung%202K%2B%20%7C%20Bostik\"][\/vc_hoverbox][\/vc_column][vc_column width=\"1\/2\"][vc_hoverbox image=\"244612\" primary_title=\"\" hover_title=\"K 100 Schwarz| Bostik\" hover_btn_title=\"<span class=\"Y2IQFc\" lang=\"sk\">K\u00fapi\u0165<\/span>\" hover_btn_color=\"sky\" hover_add_button=\"true\" hover_btn_link=\"url:https%3A%2F%2Fwww.sanier.pl%2Fprodukt%2Fk-100-schwarz-bostik%2F|title:K%20100%20Schwarz%20%E2%80%93%20emulsja%20bitumiczna%20%7C%20Bostik\"]<\/p>\n<p>[\/vc_hoverbox][\/vc_column][\/vc_row][vc_row][vc_column][vc_empty_space][vc_column_text] Treba si uvedomi\u0165, \u017ee v pr\u00edpade bit\u00famenovej hydroizol\u00e1cie je potrebn\u00e9 vyrovna\u0165 povrch pred nan\u00e1\u0161an\u00edm produktu. Naopak, pri v\u00fdbere miner\u00e1lnych produktov nie je potrebn\u00e9 povrch vyrovn\u00e1va\u0165.[\/vc_column_text][vc_column_text]H\u013ead\u00e1te podrobn\u00fa technol\u00f3giu?<\/p>\n<p class=\"\" data-start=\"0\" data-end=\"180\">Porad\u00edme v\u00e1m a pom\u00f4\u017eeme vybra\u0165 vhodn\u00fa technol\u00f3giu a materi\u00e1ly na hydroizol\u00e1ciu. Kontaktujte n\u00e1\u0161ho technick\u00e9ho poradcu na \u010d\u00edsle <a href=\"http:\/\/+48 533 343 595\">(+48) 533 343 595<\/a> alebo nap\u00ed\u0161te na mailto:<a href=\"mailto:s.ziambek@sanier.pl\">s.ziambek@sanier.pl<\/a><\/p>\n<p class=\"\" data-start=\"182\" data-end=\"208\">Pre\u010d\u00edtajte si n\u00e1\u0161 poradca:<\/p>\n<p>&nbsp;<\/p>\n<blockquote class=\"wp-embedded-content\" data-secret=\"sZCLvI2RH3\"><p><a href=\"https:\/\/www.sanier.pl\/poradniki_sanier\/hydroizolacja-poradnik-cz1\/\">Hydroizolacja poradnik dla ka\u017cdego cz1 - Ebook.<\/a><\/p><\/blockquote>\n<p><iframe loading=\"lazy\" class=\"wp-embedded-content\" sandbox=\"allow-scripts\" security=\"restricted\" style=\"position: absolute; clip: rect(1px, 1px, 1px, 1px);\" title=\"&#8222;Hydroizolacja poradnik dla ka\u017cdego cz1 - Ebook.&#8221; &#8212; SANIER\u2122\" src=\"https:\/\/www.sanier.pl\/poradniki_sanier\/hydroizolacja-poradnik-cz1\/embed\/#?secret=edGo1AzgcI#?secret=sZCLvI2RH3\" data-secret=\"sZCLvI2RH3\" width=\"600\" height=\"338\" frameborder=\"0\" marginwidth=\"0\" marginheight=\"0\" scrolling=\"no\"><\/iframe><\/p>\n<p>https:\/\/www.sanier.pl\/poradniki_sanier\/hydroizolacja-poradnik-dla-kazdego-cz2-ebook\/[\/vc_column_text][\/vc_column][\/vc_row]<\/p>\n","protected":false},"excerpt":{"rendered":"<p>[vc_row][vc_column][vc_column_text] Hydroizol\u00e1cia podzemnej \u010dasti historickej budovy Pr\u00edpadov\u00e1 \u0161t\u00fadia: Hydroizol\u00e1cia podzemnej \u010dasti historickej budovy Hydroizol\u00e1cia historick\u00fdch budov nie je jednoduchou \u00falohou. Vlhkos\u0165 je jedn\u00fdm z hlavn\u00fdch probl\u00e9mov,<span class=\"excerpt-hellip\"> [\u2026]<\/span><\/p>\n","protected":false},"author":55,"featured_media":272570,"comment_status":"open","ping_status":"open","sticky":false,"template":"","format":"standard","meta":{"_acf_changed":false,"footnotes":""},"categories":[1116,1121],"tags":[],"class_list":["post-280280","post","type-post","status-publish","format-standard","has-post-thumbnail","hentry","category-hydroizolacje-sk","category-porady-sk"],"acf":[],"_links":{"self":[{"href":"https:\/\/www.sanier.pl\/sk\/wp-json\/wp\/v2\/posts\/280280","targetHints":{"allow":["GET"]}}],"collection":[{"href":"https:\/\/www.sanier.pl\/sk\/wp-json\/wp\/v2\/posts"}],"about":[{"href":"https:\/\/www.sanier.pl\/sk\/wp-json\/wp\/v2\/types\/post"}],"author":[{"embeddable":true,"href":"https:\/\/www.sanier.pl\/sk\/wp-json\/wp\/v2\/users\/55"}],"replies":[{"embeddable":true,"href":"https:\/\/www.sanier.pl\/sk\/wp-json\/wp\/v2\/comments?post=280280"}],"version-history":[{"count":0,"href":"https:\/\/www.sanier.pl\/sk\/wp-json\/wp\/v2\/posts\/280280\/revisions"}],"wp:featuredmedia":[{"embeddable":true,"href":"https:\/\/www.sanier.pl\/sk\/wp-json\/wp\/v2\/media\/272570"}],"wp:attachment":[{"href":"https:\/\/www.sanier.pl\/sk\/wp-json\/wp\/v2\/media?parent=280280"}],"wp:term":[{"taxonomy":"category","embeddable":true,"href":"https:\/\/www.sanier.pl\/sk\/wp-json\/wp\/v2\/categories?post=280280"},{"taxonomy":"post_tag","embeddable":true,"href":"https:\/\/www.sanier.pl\/sk\/wp-json\/wp\/v2\/tags?post=280280"}],"curies":[{"name":"wp","href":"https:\/\/api.w.org\/{rel}","templated":true}]}}