{"id":280271,"date":"2023-04-21T11:43:15","date_gmt":"2023-04-21T11:43:15","guid":{"rendered":"https:\/\/www.sanier.pl\/hydroizolacja-balkonu\/"},"modified":"2025-04-11T08:39:48","modified_gmt":"2025-04-11T08:39:48","slug":"hydroizolacia-balkona-2","status":"publish","type":"post","link":"https:\/\/www.sanier.pl\/sk\/uncategorized-sk\/hydroizolacia-balkona-2\/","title":{"rendered":"Hydroizol\u00e1cia balk\u00f3na"},"content":{"rendered":"<p>[vc_row][vc_column][vc_column_text]<\/p>\n<div class=\"flex max-w-full flex-col grow\">\n<div class=\"min-h-8 text-message relative flex w-full flex-col items-end gap-2 text-start break-words whitespace-normal [.text-message+&amp;]:mt-5\" dir=\"auto\" data-message-author-role=\"assistant\" data-message-id=\"910e1496-638c-4e35-94e1-df82055550f6\" data-message-model-slug=\"gpt-4o-mini\">\n<div class=\"flex w-full flex-col gap-1 empty:hidden first:pt-[3px]\">\n<h1 data-start=\"0\" data-end=\"21\">Hydroizol\u00e1cia balk\u00f3na<\/h1>\n<p class=\"\" data-start=\"23\" data-end=\"548\">Rekon\u0161trukcia domu nie je len ot\u00e1zkou estetiky, ale predov\u0161etk\u00fdm bezpe\u010dnosti. Jedn\u00fdm z prvkov, na ktor\u00e9 treba venova\u0165 pozornos\u0165, je hydroizol\u00e1cia balk\u00f3na alebo terasy. To pr\u00e1ve vrstva hydroizol\u00e1cie chr\u00e1ni na\u0161u nehnute\u013enos\u0165 pred vlhkos\u0165ou a mechanick\u00fdmi po\u0161kodeniami, ktor\u00e9 m\u00f4\u017eu vies\u0165 k v\u00e1\u017enym kon\u0161truk\u010dn\u00fdm probl\u00e9mom. V tomto \u010dl\u00e1nku sa pozrieme, ako vybra\u0165 stavebn\u00e9 materi\u00e1ly na hydroizol\u00e1ciu balk\u00f3na a ako ju vykona\u0165 krok za krokom. Pre\u010d\u00edtajte si, ako jednoducho zabezpe\u010di\u0165 svoj balk\u00f3n alebo terasu a u\u017e\u00edva\u0165 si ich dlh\u00e9 roky.<\/p>\n<h3 data-start=\"550\" data-end=\"601\">Hydroizol\u00e1cia balk\u00f3na - z tohto \u010dl\u00e1nku sa dozviete:<\/h3>\n<p class=\"\" data-start=\"603\" data-end=\"649\">Ako vybra\u0165 materi\u00e1ly na hydroizol\u00e1ciu balk\u00f3na?<\/p>\n<p class=\"\" data-start=\"651\" data-end=\"691\">Typy materi\u00e1lov na hydroizol\u00e1ciu balk\u00f3na<\/p>\n<p class=\"\" data-start=\"693\" data-end=\"727\">Ako vykona\u0165 hydroizol\u00e1ciu balk\u00f3na?<\/p>\n<h3 data-start=\"729\" data-end=\"750\">Hydroizol\u00e1cia balk\u00f3na<\/h3>\n<p class=\"\" data-start=\"752\" data-end=\"1278\">Hydroizol\u00e1cia balk\u00f3na je nevyhnutn\u00e1, aby sa zabezpe\u010dila trv\u00e1cnos\u0165 a bezpe\u010dnos\u0165 jeho pou\u017e\u00edvania. Balkon je architektonick\u00fd prvok, ktor\u00fd vystupuje mimo obvod budovy a neprech\u00e1dza cez zem, je chr\u00e1nen\u00fd z\u00e1bradl\u00edm a je spojen\u00fd dverami s ved\u013eaj\u0161ou miestnos\u0165ou. Jedn\u00fdm z hlavn\u00fdch podmienok trv\u00e1cnosti balk\u00f3na je zabr\u00e1nenie prenikaniu vlhkosti a vody do kon\u0161trukcie. Hydroizol\u00e1cia je bari\u00e9ra pred prenikan\u00edm vody a vlhkosti do kon\u0161trukcie balk\u00f3na, poskytuje ochranu pred kor\u00f3ziou kon\u0161truk\u010dnej dosky, priesakom a rastom mikroorganizmov.<\/p>\n<p class=\"\" data-start=\"1280\" data-end=\"1533\">Balk\u00f3ny s\u00fa obzvl\u00e1\u0161\u0165 vystaven\u00e9 \u0161kodliv\u00fdm poveternostn\u00fdm vplyvom, ako je slnko, da\u017e\u010fov\u00e9 zr\u00e1\u017eky a zmeny tepl\u00f4t. Preto je tak\u00e9 d\u00f4le\u017eit\u00e9 d\u00f4kladn\u00e9 vykonanie \u00fa\u010dinnej hydroizol\u00e1cie s pou\u017eit\u00edm technol\u00f3gie a produktov prisp\u00f4soben\u00fdch s\u00fa\u010dasn\u00fdm stavebn\u00fdm \u0161tandardom.<\/p>\n<p class=\"\" data-start=\"1535\" data-end=\"1798\">Po\u010das vykon\u00e1vania terasy alebo balk\u00f3na treba dba\u0165 predov\u0161etk\u00fdm na \u00fa\u010dinn\u00e9 odvodnenie vody z ich povrchu prostredn\u00edctvom spr\u00e1vneho vytvorenia sklony na ka\u017edej vrstve, ktor\u00e1 by mala by\u0165 pribli\u017ene 2 %. T\u00fdmto sp\u00f4sobom bud\u00fa da\u017e\u010fov\u00e9 vody slobodne steka\u0165 z povrchu dosky.<\/p>\n<h3 data-start=\"1800\" data-end=\"1846\">Ako vybra\u0165 materi\u00e1ly na hydroizol\u00e1ciu balk\u00f3na?<\/h3>\n<p class=\"\" data-start=\"1848\" data-end=\"2599\">Pri v\u00fdbere materi\u00e1lov na hydroizol\u00e1ciu balk\u00f3na by ste mali bra\u0165 do \u00favahy krit\u00e9ri\u00e1, ako je typ povrchovej \u00fapravy balk\u00f3na a rozsah pr\u00e1ce podkladu. D\u00f4le\u017eit\u00e9 je vybra\u0165 hydroizol\u00e1ciu vhodn\u00fa pre materi\u00e1ly, ktor\u00e9 pl\u00e1nujeme ma\u0165 na balk\u00f3ne, preto\u017ee r\u00f4zne povrchov\u00e9 \u00fapravy vy\u017eaduj\u00fa r\u00f4zne izola\u010dn\u00e9 materi\u00e1ly. M\u00e1me na v\u00fdber mnoho mo\u017enost\u00ed, ako je gres lepen\u00fd, kamenn\u00e9 dla\u017edice, dla\u017edice na distan\u010dn\u00fdch podlo\u017ek\u00e1ch, kompozitn\u00e9 alebo dreven\u00e9 dosky, z\u00e1mkov\u00e1 dla\u017eba alebo zelen\u00fd teras. \u010c\u00edm v\u00e4\u010d\u0161ia plocha, t\u00fdm by mali aplikovan\u00e9 materi\u00e1ly ma\u0165 v\u00e4\u010d\u0161iu flexibilitu. Flexibiln\u00e9 spojenie je obzvl\u00e1\u0161\u0165 d\u00f4le\u017eit\u00e9 v miestach, kde s\u00fa zna\u010dn\u00e9 kon\u0161truk\u010dn\u00e9 alebo materi\u00e1lov\u00e9 nap\u00e4tia, napr\u00edklad pri spojen\u00ed horizont\u00e1lnej plochy so stenou, alebo pri styku plechov\u00fdch prvkov s podkladom.<\/p>\n<p class=\"\" data-start=\"2601\" data-end=\"2874\">Pri v\u00fdbere materi\u00e1lov je tie\u017e d\u00f4le\u017eit\u00e9 zv\u00e1\u017ei\u0165 ve\u013ekos\u0165, tvar a kon\u0161trukciu balk\u00f3na, ako aj jeho polohu a miestnosti, ktor\u00e9 s\u00fa pod n\u00edm. V\u0161etky kritick\u00e9 z\u00f3ny, ako s\u00fa rohy alebo miesta plechov\u00fdch \u00faprav, si vy\u017eaduj\u00fa tesnenie, ktor\u00e9 zabr\u00e1ni prenikaniu vody do izola\u010dn\u00fdch vrstiev.<\/p>\n<h3 data-start=\"2876\" data-end=\"2916\">Typy materi\u00e1lov na hydroizol\u00e1ciu balk\u00f3na<\/h3>\n<p class=\"\" data-start=\"2918\" data-end=\"3419\">Najd\u00f4le\u017eitej\u0161ie je, \u017ee si treba polo\u017ei\u0165 ot\u00e1zku, ak\u00fdmi materi\u00e1lmi chceme ma\u0165 povrchovo upraven\u00fd balk\u00f3n alebo terasu. Zv\u00e1\u017ete tie\u017e, \u010di v bud\u00facnosti pl\u00e1nujeme zmenu povrchovej \u00fapravy balk\u00f3na alebo terasy. Najn\u00e1ro\u010dnej\u0161\u00ed je pr\u00edpad, ke\u010f sa rozhodneme n\u00e1hle urobi\u0165 zelen\u00fa strechu, ktor\u00e1 potrebuje \u201eantikor\u00f3zny materi\u00e1l\u201c na hydroizol\u00e1ciu (napr\u00edklad SK W Full Bond \u2013 RESITRIX). Av\u0161ak pri v\u00fdbere povrchovej \u00fapravy balk\u00f3na v podobe dla\u017ed\u00edc na distan\u010dn\u00fdch podlo\u017ek\u00e1ch, lepen\u00fdch dla\u017ed\u00edc alebo \u017eiv\u00edc m\u00e1me v\u00e4\u010d\u0161\u00ed v\u00fdber.<\/p>\n<h3 data-start=\"3421\" data-end=\"3498\">V z\u00e1vislosti od povrchovej \u00fapravy balk\u00f3na je potrebn\u00e9 vybra\u0165 vhodn\u00fd materi\u00e1l:<\/h3>\n<ul data-start=\"3500\" data-end=\"3854\">\n<li class=\"\" data-start=\"3500\" data-end=\"3854\">\n<p class=\"\" data-start=\"3502\" data-end=\"3854\">Lepen\u00e9 dla\u017edice: Ak sa rozhodneme pre povrchov\u00fa \u00fapravu terasy alebo balk\u00f3na lepen\u00fdmi dla\u017edicami, je potrebn\u00e9 vybra\u0165 vhodn\u00fd druh hydroizol\u00e1cie. V tomto pr\u00edpade je najlep\u0161ie zvoli\u0165 produkty ur\u010den\u00e9 pre keramick\u00e9 obklady alebo vysokokvalitn\u00e9 dvouslo\u017ekov\u00e9 elastick\u00e9 \u0161lamy. Dla\u017edice s\u00fa dostupn\u00e9 v mnoh\u00fdch farebn\u00fdch variantoch a \u013eahko sa udr\u017eiavaj\u00fa v \u010distote.<\/p>\n<\/li>\n<\/ul>\n<p class=\"\" data-start=\"3856\" data-end=\"4379\">Av\u0161ak pred rozhodnut\u00edm o povrchovej \u00faprave balk\u00f3na gresom si treba pam\u00e4ta\u0165, \u017ee ho treba uklada\u0165 len na bet\u00f3nov\u00fd, dokonale rovn\u00fd podklad. Ak nezjemn\u00edme podklad, jednotliv\u00e9 dla\u017edice m\u00f4\u017eu praskn\u00fa\u0165 pod v\u00e1hou krokov po nich. Dilata\u010dn\u00e9 otvory s\u00fa \u010fal\u0161\u00edm prvkom, na ktor\u00fd treba pam\u00e4ta\u0165, treba ich vykona\u0165 tak, aby mohla voda cez ne odteka\u0165. Ak v balk\u00f3ne nebol predpokladan\u00fd odtokov\u00fd kan\u00e1l, treba pam\u00e4ta\u0165 na dodr\u017eanie sklonu umo\u017e\u0148uj\u00faceho odtok vody. Nev\u00fdhodou gresu je skuto\u010dnos\u0165, \u017ee dla\u017edice sa v kontakte so slnkom r\u00fdchlo zahrej\u00fa.<\/p>\n<h3 data-start=\"4381\" data-end=\"4408\">Odpor\u00fa\u010dame tieto materi\u00e1ly:<\/h3>\n<ul data-start=\"4409\" data-end=\"4525\" data-is-last-node=\"\" data-is-only-node=\"\">\n<li class=\"\" data-start=\"4409\" data-end=\"4430\">\n<p class=\"\" data-start=\"4411\" data-end=\"4430\"><a href=\"http:\/\/Hydroizolacja fundamentu | Turbotec 2K+ | Bostik\">Bostik Turbotec 2k+<\/a><\/p>\n<\/li>\n<li class=\"\" data-start=\"4431\" data-end=\"4455\">\n<p class=\"\" data-start=\"4433\" data-end=\"4455\"><a href=\"https:\/\/www.sanier.pl\/sk\/produkt\/bostik-ardatec-2k\/\">Bostik Ardatec 2k Flex<\/a><\/p>\n<\/li>\n<li class=\"\" data-start=\"4456\" data-end=\"4485\">\n<p class=\"\" data-start=\"4458\" data-end=\"4485\">S<a href=\"https:\/\/www.sanier.pl\/sk\/produkt\/aquafin-2km-plus\/\">chomburg Aquafin 2K\/M Plus<\/a><\/p>\n<\/li>\n<li class=\"\" data-start=\"4486\" data-end=\"4506\">\n<p class=\"\" data-start=\"4488\" data-end=\"4506\"><a href=\"https:\/\/www.sanier.pl\/sk\/produkt\/nb-elastik-szary\/\">Koester NB Elastik<\/a><\/p>\n<\/li>\n<li class=\"\" data-start=\"4507\" data-end=\"4525\">\n<p class=\"\" data-start=\"4509\" data-end=\"4525\"><a href=\"https:\/\/www.sanier.pl\/sk\/produkt\/mapelastic\/\">Mapei Mapelastic<\/a><\/p>\n<\/li>\n<\/ul>\n<\/div>\n<\/div>\n<\/div>\n<p>[\/vc_column_text][\/vc_column][\/vc_row][vc_row][vc_column width=\"1\/5\"][vc_hoverbox image=\"257907\" primary_title=\"\" hover_title=\"Turbotec 2K+\" hover_btn_title=\"K\u00fapi\u0165\" hover_btn_color=\"sky\" hover_add_button=\"true\" hover_btn_link=\"url:https%3A%2F%2Fwww.sanier.pl%2Fprodukt%2Fbostik-turbotec-2k%2F|title:Hydroizolacja%20fundamentu%20%7C%20Turbotec%202K%2B%20%7C%20Bostik|\"]<\/p>\n<p>[\/vc_hoverbox][\/vc_column][vc_column width=\"1\/5\"][vc_hoverbox image=\"244624\" primary_title=\"\" hover_title=\"Ardatec 2K Flex | Bostik\" hover_btn_title=\"K\u00fapi\u0165\" hover_btn_color=\"sky\" hover_add_button=\"true\" hover_btn_link=\"url:https%3A%2F%2Fwww.sanier.pl%2Fsk%2Fprodukt%2Fbostik-ardatec-2k%2F|title:Ardatec%202K%20Flex%20%7C%20Bostik|\"][\/vc_hoverbox][\/vc_column][vc_column width=\"1\/5\"][vc_hoverbox image=\"5070\" primary_title=\"\" hover_title=\"Aquafin 2K\/M-Plus\" hover_btn_title=\"K\u00fapi\u0165\" hover_btn_color=\"sky\" hover_add_button=\"true\" hover_btn_link=\"url:https%3A%2F%2Fwww.sanier.pl%2Fsk%2Fprodukt%2Faquafin-2km-plus%2F|title:Aquafin%202K%2FM-Plus|\"][\/vc_hoverbox][\/vc_column][vc_column width=\"1\/5\"][vc_hoverbox image=\"244626\" primary_title=\"\" hover_title=\"Koester NB Elastik\" hover_btn_title=\"K\u00fapi\u0165\" hover_btn_color=\"sky\" hover_add_button=\"true\" hover_btn_link=\"url:https%3A%2F%2Fwww.sanier.pl%2Fsk%2Fprodukt%2Fnb-elastik-szary%2F|title:NB%20Elastik%20szary|\"]<\/p>\n<p>[\/vc_hoverbox][\/vc_column][vc_column width=\"1\/5\"][vc_hoverbox image=\"258995\" primary_title=\"\" hover_title=\"Mapei Mapelastic\" hover_btn_title=\"K\u00fapi\u0165\" hover_btn_color=\"sky\" hover_add_button=\"true\" hover_btn_link=\"url:https%3A%2F%2Fwww.sanier.pl%2Fsk%2Fprodukt%2Fmapelastic%2F|title:Mapelastic|\"][\/vc_hoverbox][\/vc_column][\/vc_row][vc_row][vc_column][vc_separator][vc_separator][vc_separator][vc_column_text]<\/p>\n<ul>\n<li data-start=\"2\" data-end=\"26\">\n<h4>Dla\u017edice na distanci\u00e1ch:<\/h4>\n<\/li>\n<\/ul>\n<p class=\"\" data-start=\"28\" data-end=\"543\">Ak sa rozhodnete pre hydroizol\u00e1ciu balk\u00f3na pod dla\u017edice na distanci\u00e1ch, najlep\u0161ie je vybra\u0165 elastick\u00e9 \u0161lamy, hybridn\u00e9 hydroizol\u00e1cie alebo membr\u00e1ny (PVC f\u00f3lia, TPO\/FPO f\u00f3lia, EPDM). Pohodlie a bezpe\u010dnos\u0165 na dlh\u00e9 roky zabezpe\u010dia kvalitn\u00e9 materi\u00e1ly, ktor\u00e9 s\u00fa vhodn\u00e9 pre klimatick\u00e9 podmienky v oblastiach, kde \u017eijeme. Dla\u017edice sa vyzna\u010duj\u00fa \u013eahkou \u00fadr\u017ebou a \u0161irok\u00fdm spektrom farebn\u00fdch variantov. M\u00f4\u017eu by\u0165 pou\u017eit\u00e9 ako na zastre\u0161en\u00fdch, tak aj na nezastre\u0161en\u00fdch ploch\u00e1ch, preto\u017ee s\u00fa odoln\u00e9 vo\u010di opotrebovaniu a UV \u017eiareniu.<\/p>\n<p class=\"\" data-start=\"545\" data-end=\"578\">Odpor\u00fa\u010dame nasleduj\u00face materi\u00e1ly:<\/p>\n<ul data-start=\"580\" data-end=\"879\" data-is-last-node=\"\" data-is-only-node=\"\">\n<li class=\"\" data-start=\"580\" data-end=\"627\">\n<p class=\"\" data-start=\"582\" data-end=\"627\"><a href=\"http:\/\/Hydroizolacja fundamentu | Turbotec 2K+ | Bostik\">Bostik Turbotec 2K+<\/a> alebo <a href=\"https:\/\/www.sanier.pl\/produkt\/aqua-blocker-liquid\/\">Aqua Blocker Liquid<\/a><\/p>\n<\/li>\n<li class=\"\" data-start=\"628\" data-end=\"647\">\n<p class=\"\" data-start=\"630\" data-end=\"647\"><a href=\"https:\/\/www.sanier.pl\/sk\/produkt\/aquafin-2km-plus\/\">Aquafin 2K\/M-Plus<\/a><\/p>\n<\/li>\n<li class=\"\" data-start=\"648\" data-end=\"673\">\n<p class=\"\" data-start=\"650\" data-end=\"673\"><a href=\"https:\/\/www.sanier.pl\/sk\/produkt\/nb-elastik-szary\/\">Koester NB Elastik \u0161ed\u00fd<\/a><\/p>\n<\/li>\n<li class=\"\" data-start=\"674\" data-end=\"699\">\n<p class=\"\" data-start=\"676\" data-end=\"699\"><a href=\"https:\/\/www.sanier.pl\/produkt\/schomburg-aquafin-rb400\/\">Schomburg AQUAFIN RB400<\/a><\/p>\n<\/li>\n<li class=\"\" data-start=\"700\" data-end=\"738\">\n<p class=\"\" data-start=\"702\" data-end=\"738\"><a href=\"https:\/\/www.sanier.pl\/sk\/produkt\/membrana-pvc-thermofol-u-15-bauder-kopia\/\">Membr\u00e1na PVC THERMOFOL U 15 | Bauder<\/a><\/p>\n<\/li>\n<li class=\"\" data-start=\"739\" data-end=\"788\">\n<p class=\"\" data-start=\"741\" data-end=\"788\"><a href=\"https:\/\/www.sanier.pl\/produkt\/membrana-koester-tpo\/\">Membr\u00e1na K\u00d6STER TPO\/FPO 1,5 mm (1,5x20m) (30m2)<\/a><\/p>\n<\/li>\n<li class=\"\" data-start=\"789\" data-end=\"838\">\n<p class=\"\" data-start=\"791\" data-end=\"838\"><a href=\"http:\/\/Membrana K\u00d6STER TPO\/FPO 2,0 mm (1,5x20m) (30m2)\">Membr\u00e1na K\u00d6STER TPO\/FPO 2,0 mm (1,5x20m) (30m2)<\/a><\/p>\n<\/li>\n<li class=\"\" data-start=\"839\" data-end=\"879\">\n<p class=\"\" data-start=\"841\" data-end=\"879\"><a href=\"https:\/\/www.sanier.pl\/produkt\/sk-w-full-bond\/\">Resitrix SK W Full Bond alebo Hertalan<\/a><\/p>\n<\/li>\n<\/ul>\n<p>[\/vc_column_text][\/vc_column][\/vc_row][vc_row][vc_column width=\"1\/4\"][vc_hoverbox image=\"257907\" primary_title=\"\" hover_title=\"Turbotec 2K+ | Bostik\" hover_btn_title=\"K\u00fapi\u0165\" hover_btn_color=\"sky\" hover_add_button=\"true\" hover_btn_link=\"url:https%3A%2F%2Fwww.sanier.pl%2Fprodukt%2Fbostik-turbotec-2k%2F|title:Hydroizolacja%20fundamentu%20%7C%20Turbotec%202K%2B%20%7C%20Bostik|\"]<\/p>\n<p>[\/vc_hoverbox][\/vc_column][vc_column width=\"1\/4\"][vc_hoverbox image=\"5070\" primary_title=\"\" hover_title=\"Aquafin 2K\/M-Plus\" hover_btn_title=\"K\u00fapi\u0165\" hover_btn_color=\"sky\" hover_add_button=\"true\" hover_btn_link=\"url:https%3A%2F%2Fwww.sanier.pl%2Fsk%2Fprodukt%2Faquafin-2km-plus%2F|title:Aquafin%202K%2FM-Plus|\"][\/vc_hoverbox][\/vc_column][vc_column width=\"1\/4\"][vc_hoverbox image=\"244626\" primary_title=\"\" hover_title=\"Koester NB Elastik\" hover_btn_title=\"K\u00fapi\u0165\" hover_btn_color=\"sky\" hover_add_button=\"true\" hover_btn_link=\"url:https%3A%2F%2Fwww.sanier.pl%2Fsk%2Fprodukt%2Fnb-elastik-szary%2F|title:NB%20Elastik%20szary|\"]<\/p>\n<p>[\/vc_hoverbox][\/vc_column][vc_column width=\"1\/4\"][vc_hoverbox image=\"256554\" primary_title=\"\" hover_title=\"Schomburg AQUAFIN RB400\" hover_btn_title=\"K\u00fapi\u0165\" hover_btn_color=\"sky\" hover_add_button=\"true\" hover_btn_link=\"url:https%3A%2F%2Fwww.sanier.pl%2Fprodukt%2Fschomburg-aquafin-rb400%2F|title:Schomburg%20AQUAFIN%20RB400|\"][\/vc_hoverbox][\/vc_column][\/vc_row][vc_row][vc_column width=\"1\/4\"][vc_hoverbox image=\"258354\" primary_title=\"\" hover_title=\"PVC THERMOFOL U 15 | Bauder\" hover_btn_title=\"K\u00fapi\u0165\" hover_btn_color=\"sky\" hover_add_button=\"true\" hover_btn_link=\"url:https%3A%2F%2Fwww.sanier.pl%2Fsk%2Fprodukt%2Fmembrana-pvc-thermofol-u-15-bauder-kopia%2F|title:Membrana%20PVC%20THERMOFOL%20U%2015%20%7C%20Bauder|\"]<\/p>\n<p>[\/vc_hoverbox][\/vc_column][vc_column width=\"1\/4\"][vc_hoverbox image=\"257851\" primary_title=\"\" hover_title=\"K\u00d6STER TPO\/FPO 1,5 mm (1,5x20m) (30m2)\" hover_btn_title=\"K\u00fapi\u0165\" hover_btn_color=\"sky\" hover_add_button=\"true\" hover_btn_link=\"url:https%3A%2F%2Fwww.sanier.pl%2Fprodukt%2Fmembrana-koester-tpo%2F|title:Membrana%20K%C3%96STER%20TPO%2FFPO%201%2C5%20mm%20%281%2C5x20m%29%20%2830m2%29|\"][\/vc_hoverbox][\/vc_column][vc_column width=\"1\/4\"][vc_hoverbox image=\"257851\" primary_title=\"\" hover_title=\"K\u00d6STER TPO\/FPO 2,0 mm (1,5x20m) (30m2)\" hover_btn_title=\"K\u00fapi\u0165\" hover_btn_color=\"sky\" hover_add_button=\"true\" hover_btn_link=\"url:https%3A%2F%2Fwww.sanier.pl%2Fsk%2Fprodukt%2Fmembrana-koster-tpo-fpo-2-mm-30m2%2F|title:Membrana%20K%C3%96STER%20TPO%2FFPO%202%2C0%20mm%20%281%2C5x20m%29%20%2830m2%29|\"][\/vc_hoverbox][\/vc_column][vc_column width=\"1\/4\"][vc_hoverbox image=\"3712\" primary_title=\"\" hover_title=\"SK W Full Bond\" hover_btn_title=\"K\u00fapi\u0165\" hover_btn_color=\"sky\" hover_add_button=\"true\" hover_btn_link=\"url:https%3A%2F%2Fwww.sanier.pl%2Fprodukt%2Fsk-w-full-bond%2F|title:SK%20W%20Full%20Bond|\"][\/vc_hoverbox][\/vc_column][\/vc_row][vc_row][vc_column][vc_separator][vc_separator][vc_separator][vc_column_text]<\/p>\n<div class=\"flex max-w-full flex-col grow\">\n<div class=\"min-h-8 text-message relative flex w-full flex-col items-end gap-2 text-start break-words whitespace-normal [.text-message+&amp;]:mt-5\" dir=\"auto\" data-message-author-role=\"assistant\" data-message-id=\"30067dcd-1cf5-4b5e-a2c8-5a8bf37623a2\" data-message-model-slug=\"gpt-4o-mini\">\n<div class=\"flex w-full flex-col gap-1 empty:hidden first:pt-[3px]\">\n<ul data-start=\"0\" data-end=\"23\">\n<li class=\"\" data-start=\"0\" data-end=\"23\">\n<h4 data-start=\"2\" data-end=\"23\">Polyuretanov\u00e9 \u017eivice:<\/h4>\n<\/li>\n<\/ul>\n<p class=\"\" data-start=\"25\" data-end=\"300\">Rozli\u0161ujeme nieko\u013eko typov syntetick\u00fdch \u017eiv\u00edc, z ktor\u00fdch ka\u017ed\u00e1 m\u00e1 svoje \u0161pecifick\u00e9 vyu\u017eitie. Na balk\u00f3ny a terasy s\u00fa naj\u010dastej\u0161ie vyberan\u00e9 podlahy z polyuretanovej alebo PMMA \u017eivice. Oba materi\u00e1ly s\u00fa vhodn\u00e9 na dokon\u010dovanie vn\u00fatorn\u00fdch (nesm\u00fa uvo\u013e\u0148ova\u0165 LZO) a vonkaj\u0161\u00edch podl\u00e1h.<\/p>\n<p class=\"\" data-start=\"302\" data-end=\"692\">Polyuretany a PMMA \u017eivice s\u00fa odoln\u00e9 vo\u010di slne\u010dn\u00e9mu \u017eiareniu a in\u00fdm \u0161kodliv\u00fdm atmosferick\u00fdm faktorom. Elastick\u00e1 povrchov\u00e1 \u00faprava m\u00f4\u017ee spolupracova\u0165 s bet\u00f3nov\u00fdm podkladom. V tomto pr\u00edpade naozaj kvalita zodpoved\u00e1 cene. Pri v\u00fdbere povrchovej \u00fapravy z \u017eivice mus\u00edme venova\u0165 pozornos\u0165 vlhkosti podkladu - mus\u00edme sa riadi\u0165 pokynmi o maxim\u00e1lnej vlhkosti podkladu pre produkt, ktor\u00fd sme si vybrali.<\/p>\n<p class=\"\" data-start=\"694\" data-end=\"727\"><strong>Odpor\u00fa\u010dame nasleduj\u00face materi\u00e1ly:<\/strong><\/p>\n<ul data-start=\"729\" data-end=\"790\" data-is-last-node=\"\" data-is-only-node=\"\">\n<li class=\"\" data-start=\"729\" data-end=\"766\">\n<p class=\"\" data-start=\"731\" data-end=\"766\">SIKA Balkony Standard alebo Premium<\/p>\n<\/li>\n<li class=\"\" data-start=\"767\" data-end=\"790\">\n<p class=\"\" data-start=\"769\" data-end=\"790\">SOPREMA syst\u00e9my Alsan<\/p>\n<\/li>\n<\/ul>\n<\/div>\n<\/div>\n<\/div>\n<div class=\"flex justify-start\"><\/div>\n<p>[\/vc_column_text][\/vc_column][\/vc_row][vc_row][vc_column width=\"1\/2\"][vc_hoverbox image=\"260653\" primary_title=\"\" hover_title=\"SIKA Balk\u00f3ny Standard alebo Premium\" hover_btn_title=\"Objedna\u0165\" hover_btn_color=\"sky\" hover_add_button=\"true\" hover_btn_link=\"url:https%3A%2F%2Fwww.sanier.pl%2Fkontakt%2F|title:Kontakt|\"]<\/p>\n<div id=\"tw-target-text-container\" class=\"tw-ta-container tw-nfl\" tabindex=\"0\" role=\"text\">\n<p id=\"tw-target-text\" class=\"tw-data-text tw-text-large tw-ta\" dir=\"ltr\" data-placeholder=\"T\u0142umaczenie\" data-ved=\"2ahUKEwjF1tuNxs-MAxW5HBAIHa4DAz0Q3ewLegQICBAU\" aria-label=\"Przet\u0142umaczony tekst: Produkty dostupn\u00e9 na objedn\u00e1vku: E: d.karlik@sanier.pl T: +48 883 292 303\"><span class=\"Y2IQFc\" lang=\"sk\">Produkty dostupn\u00e9 na objedn\u00e1vku: <\/span><\/p>\n<p class=\"tw-data-text tw-text-large tw-ta\" dir=\"ltr\" data-placeholder=\"T\u0142umaczenie\" data-ved=\"2ahUKEwjF1tuNxs-MAxW5HBAIHa4DAz0Q3ewLegQICBAU\" aria-label=\"Przet\u0142umaczony tekst: Produkty dostupn\u00e9 na objedn\u00e1vku: E: d.karlik@sanier.pl T: +48 883 292 303\"><span class=\"Y2IQFc\" lang=\"sk\">E: d.karlik@sanier.pl <\/span><\/p>\n<p class=\"tw-data-text tw-text-large tw-ta\" dir=\"ltr\" data-placeholder=\"T\u0142umaczenie\" data-ved=\"2ahUKEwjF1tuNxs-MAxW5HBAIHa4DAz0Q3ewLegQICBAU\" aria-label=\"Przet\u0142umaczony tekst: Produkty dostupn\u00e9 na objedn\u00e1vku: E: d.karlik@sanier.pl T: +48 883 292 303\"><span class=\"Y2IQFc\" lang=\"sk\">T: +48 883 292 303<\/span><\/p>\n<\/div>\n<div id=\"tw-target-rmn-container\" class=\"tw-target-rmn tw-ta-container tw-nfl\" tabindex=\"0\" role=\"text\">\n<pre id=\"tw-target-rmn\" class=\"tw-data-placeholder tw-text-small tw-ta\" dir=\"ltr\" data-placeholder=\"\"><\/pre>\n<\/div>\n<p>&nbsp;<\/p>\n<p>&nbsp;<\/p>\n<p>[\/vc_hoverbox][\/vc_column][vc_column width=\"1\/2\"][vc_hoverbox image=\"260654\" primary_title=\"\" hover_title=\"SOPREMA syst\u00e9my Alsan\" hover_btn_title=\"Objedna\u0165\" hover_btn_color=\"sky\" hover_add_button=\"true\" hover_btn_link=\"url:https%3A%2F%2Fwww.sanier.pl%2Fkontakt%2F|title:Kontakt|\"]<\/p>\n<p id=\"tw-target-text\" class=\"tw-data-text tw-text-large tw-ta\" dir=\"ltr\" data-placeholder=\"T\u0142umaczenie\" data-ved=\"2ahUKEwjF1tuNxs-MAxW5HBAIHa4DAz0Q3ewLegQICBAU\" aria-label=\"Przet\u0142umaczony tekst: Produkty dostupn\u00e9 na objedn\u00e1vku: E: d.karlik@sanier.pl T: +48 883 292 303\"><span class=\"Y2IQFc\" lang=\"sk\">Produkty dostupn\u00e9 na objedn\u00e1vku: <\/span><\/p>\n<p class=\"tw-data-text tw-text-large tw-ta\" dir=\"ltr\" data-placeholder=\"T\u0142umaczenie\" data-ved=\"2ahUKEwjF1tuNxs-MAxW5HBAIHa4DAz0Q3ewLegQICBAU\" aria-label=\"Przet\u0142umaczony tekst: Produkty dostupn\u00e9 na objedn\u00e1vku: E: d.karlik@sanier.pl T: +48 883 292 303\"><span class=\"Y2IQFc\" lang=\"sk\">E: d.karlik@sanier.pl <\/span><\/p>\n<p class=\"tw-data-text tw-text-large tw-ta\" dir=\"ltr\" data-placeholder=\"T\u0142umaczenie\" data-ved=\"2ahUKEwjF1tuNxs-MAxW5HBAIHa4DAz0Q3ewLegQICBAU\" aria-label=\"Przet\u0142umaczony tekst: Produkty dostupn\u00e9 na objedn\u00e1vku: E: d.karlik@sanier.pl T: +48 883 292 303\"><span class=\"Y2IQFc\" lang=\"sk\">T: +48 883 292 303<\/span><\/p>\n<p>&nbsp;<\/p>\n<p>[\/vc_hoverbox][\/vc_column][\/vc_row][vc_row][vc_column][vc_separator][vc_separator][vc_separator][vc_column_text]<\/p>\n<div class=\"flex max-w-full flex-col grow\">\n<div class=\"min-h-8 text-message relative flex w-full flex-col items-end gap-2 text-start break-words whitespace-normal [.text-message+&amp;]:mt-5\" dir=\"auto\" data-message-author-role=\"assistant\" data-message-id=\"577e45a9-0ce2-4e9d-a861-8901f49ab4c6\" data-message-model-slug=\"gpt-4o-mini\">\n<div class=\"flex w-full flex-col gap-1 empty:hidden first:pt-[3px]\">\n<h3 data-start=\"0\" data-end=\"34\">Ako vykona\u0165 hydroizol\u00e1ciu balk\u00f3na?<\/h3>\n<p class=\"\" data-start=\"36\" data-end=\"316\">Je d\u00f4le\u017eit\u00e9, aby hydroizol\u00e1cia balk\u00f3na bola vykonan\u00e1 sk\u00fasen\u00fdm stavebn\u00fdm t\u00edmom s pou\u017eit\u00edm vysokokvalitn\u00fdch izola\u010dn\u00fdch materi\u00e1lov. T\u00fdmto sp\u00f4sobom si m\u00f4\u017eeme by\u0165 ist\u00ed, \u017ee balk\u00f3n bude trval\u00fd, bezpe\u010dn\u00fd na pou\u017e\u00edvanie a bez probl\u00e9mov s\u00favisiacich s vnikan\u00edm vody a vlhkosti do kon\u0161trukcie.<\/p>\n<p class=\"\" data-start=\"318\" data-end=\"442\"><strong>Ak sa rozhodnete vykona\u0165 hydroizol\u00e1ciu balk\u00f3na na vlastn\u00fa p\u00e4s\u0165, zozn\u00e1mte sa s podrobn\u00fdm n\u00e1vodom, ako krok za krokom vykona\u0165:<\/strong><\/p>\n<ul data-start=\"444\" data-end=\"613\">\n<li class=\"\" data-start=\"444\" data-end=\"491\">\n<p class=\"\" data-start=\"446\" data-end=\"491\">Hydroizol\u00e1cia balk\u00f3na z polyuret\u00e1novej \u017eivice<\/p>\n<\/li>\n<li class=\"\" data-start=\"492\" data-end=\"556\">\n<p class=\"\" data-start=\"494\" data-end=\"556\">Hydroizol\u00e1cia balk\u00f3na alebo terasy pod dla\u017edice na distanci\u00e1ch<\/p>\n<\/li>\n<li class=\"\" data-start=\"557\" data-end=\"613\">\n<p class=\"\" data-start=\"559\" data-end=\"613\">Hydroizol\u00e1cia balk\u00f3na alebo terasy pod lepen\u00e9 dla\u017edice<\/p>\n<\/li>\n<\/ul>\n<p class=\"\" data-start=\"615\" data-end=\"665\">Hydroizol\u00e1cia balk\u00f3na alebo terasy je nevyhnutnos\u0165<\/p>\n<p class=\"\" data-start=\"667\" data-end=\"974\">Hydroizol\u00e1cia je nevyhnutn\u00e1 pre spr\u00e1vnu a bezporuchov\u00fa funk\u010dnos\u0165 balk\u00f3na. Je potrebn\u00e9 navrhn\u00fa\u0165 a vykona\u0165 spr\u00e1vny syst\u00e9m vrstiev spolu s adekv\u00e1tnou hydroizol\u00e1ciou. Splnenie t\u00fdchto po\u017eiadaviek zabr\u00e1ni probl\u00e9mom a n\u00e1kladn\u00fdm oprav\u00e1m po\u010das pou\u017e\u00edvania a zabezpe\u010d\u00ed bezpe\u010dnos\u0165 a komfort pri vyu\u017e\u00edvan\u00ed t\u00fdchto prvkov.<\/p>\n<p class=\"\" data-start=\"976\" data-end=\"1401\">Je potrebn\u00e9 vybra\u0165 overen\u00e9 hydroizola\u010dn\u00e9 materi\u00e1ly, ktor\u00e9 chr\u00e1nia terasu alebo balk\u00f3n pred negat\u00edvnym vplyvom vody a vlhkosti. Tieto faktory m\u00f4\u017eu prenika\u0165 do \u010fal\u0161\u00edch vrstiev kon\u0161trukcie a vies\u0165 k jej po\u0161kodeniu a kor\u00f3zii, ba dokonca sp\u00f4sobi\u0165 vznik plesn\u00ed. Pri tom treba pam\u00e4ta\u0165 na v\u0161etky spoje platne, ako je spojenie so stenou alebo z\u00f3nou sokla. Ak potrebujete pomoc pri v\u00fdbere vhodnej technol\u00f3gie a materi\u00e1lov, nap\u00ed\u0161te n\u00e1m.<\/p>\n<\/div>\n<\/div>\n<\/div>\n<div class=\"flex justify-start\"><\/div>\n<p>[\/vc_column_text][\/vc_column][\/vc_row]<\/p>\n","protected":false},"excerpt":{"rendered":"<p>[vc_row][vc_column][vc_column_text] Hydroizol\u00e1cia balk\u00f3na Rekon\u0161trukcia domu nie je len ot\u00e1zkou estetiky, ale predov\u0161etk\u00fdm bezpe\u010dnosti. Jedn\u00fdm z prvkov, na ktor\u00e9 treba venova\u0165 pozornos\u0165, je hydroizol\u00e1cia balk\u00f3na alebo terasy.<span class=\"excerpt-hellip\"> [\u2026]<\/span><\/p>\n","protected":false},"author":55,"featured_media":272395,"comment_status":"open","ping_status":"open","sticky":false,"template":"","format":"standard","meta":{"_acf_changed":false,"footnotes":""},"categories":[1115,1116,1121,572],"tags":[],"class_list":["post-280271","post","type-post","status-publish","format-standard","has-post-thumbnail","hentry","category-aktualnosci-sk","category-hydroizolacje-sk","category-porady-sk","category-uncategorized-sk"],"acf":[],"_links":{"self":[{"href":"https:\/\/www.sanier.pl\/sk\/wp-json\/wp\/v2\/posts\/280271","targetHints":{"allow":["GET"]}}],"collection":[{"href":"https:\/\/www.sanier.pl\/sk\/wp-json\/wp\/v2\/posts"}],"about":[{"href":"https:\/\/www.sanier.pl\/sk\/wp-json\/wp\/v2\/types\/post"}],"author":[{"embeddable":true,"href":"https:\/\/www.sanier.pl\/sk\/wp-json\/wp\/v2\/users\/55"}],"replies":[{"embeddable":true,"href":"https:\/\/www.sanier.pl\/sk\/wp-json\/wp\/v2\/comments?post=280271"}],"version-history":[{"count":0,"href":"https:\/\/www.sanier.pl\/sk\/wp-json\/wp\/v2\/posts\/280271\/revisions"}],"wp:featuredmedia":[{"embeddable":true,"href":"https:\/\/www.sanier.pl\/sk\/wp-json\/wp\/v2\/media\/272395"}],"wp:attachment":[{"href":"https:\/\/www.sanier.pl\/sk\/wp-json\/wp\/v2\/media?parent=280271"}],"wp:term":[{"taxonomy":"category","embeddable":true,"href":"https:\/\/www.sanier.pl\/sk\/wp-json\/wp\/v2\/categories?post=280271"},{"taxonomy":"post_tag","embeddable":true,"href":"https:\/\/www.sanier.pl\/sk\/wp-json\/wp\/v2\/tags?post=280271"}],"curies":[{"name":"wp","href":"https:\/\/api.w.org\/{rel}","templated":true}]}}