{"id":280144,"date":"2022-11-02T14:25:54","date_gmt":"2022-11-02T14:25:54","guid":{"rendered":"https:\/\/www.sanier.pl\/jak-zrobic-fasete\/"},"modified":"2025-04-08T07:51:14","modified_gmt":"2025-04-08T07:51:14","slug":"jak-zrobic-fasete","status":"publish","type":"post","link":"https:\/\/www.sanier.pl\/sk\/porady-sk\/hydroizolacje-sk\/jak-zrobic-fasete\/","title":{"rendered":"Ako urobi\u0165 fazetu?"},"content":{"rendered":"<p>[vc_row][vc_column][vc_column_text]<\/p>\n<h2><span class=\"HwtZe\" lang=\"sk\"><span class=\"jCAhz ChMk0b\"><span class=\"ryNqvb\">Ako urobi\u0165 fazetu?<\/span><\/span><\/span><\/h2>\n<p>[\/vc_column_text][vc_column_text]<\/p>\n<div class=\"flex max-w-full flex-col grow\">\n<div class=\"min-h-8 text-message relative flex w-full flex-col items-end gap-2 text-start break-words whitespace-normal [.text-message+&amp;]:mt-5\" dir=\"auto\" data-message-author-role=\"assistant\" data-message-id=\"9b64557d-bc07-4259-a4d2-6d2bd7d74f34\" data-message-model-slug=\"gpt-4o-mini\">\n<div class=\"flex w-full flex-col gap-1 empty:hidden first:pt-[3px]\">\n<p class=\"\" data-start=\"0\" data-end=\"374\"><span class=\"HwtZe\" lang=\"sk\"><span class=\"jCAhz ChMk0b\"><span class=\"ryNqvb\">Fazeta\/zaoblen\u00e9<\/span><\/span><\/span> je prvok, ktor\u00fd mus\u00ed by\u0165 vykonan\u00fd na spoji z\u00e1kladovej steny s p\u00e4tkou a na spojoch stena-stena v r\u00e1mci z\u00e1kladov. Ostr\u00e9 vonkaj\u0161ie okraje p\u00e4tky a z\u00e1kladovej steny by mali by\u0165 zf\u00e1zovan\u00e9\/zaoblen\u00e9. Tieto \u00fapravy n\u00e1m umo\u017enia vytvori\u0165 izola\u010dn\u00fa vrstvu s kontrolovanou hr\u00fabkou a zabr\u00e1ni\u0165 praskaniu materi\u00e1lu na z\u00e1hyboch. Okrem toho faseta u\u013eah\u010duje odvod da\u017e\u010fovej vody.<\/p>\n<p class=\"\" data-start=\"376\" data-end=\"792\">\u00dalohou fasety je okrem in\u00e9ho aj utesnenie spoja z\u00e1kladovej dosky s p\u00e4tkou. Bez fasety nie sme schopn\u00ed nanies\u0165 izol\u00e1ciu v konk\u00e1vnom rohu tak, aby vytv\u00e1rala vrstvu s rovnomernou hr\u00fabkou. Nanesenie pr\u00edli\u0161 hrubej vrstvy izola\u010dn\u00fdch materi\u00e1lov v rohoch naj\u010dastej\u0161ie vedie k praskaniu izol\u00e1cie sp\u00f4soben\u00e9mu smr\u0161tovan\u00edm. Ten\u0161ia vrstva vyschne ove\u013ea sk\u00f4r a zmr\u0161t\u00ed sa, zatia\u013e \u010do v rohoch sa tento proces uskuto\u010dn\u00ed ove\u013ea nesk\u00f4r.<\/p>\n<p class=\"\" data-start=\"794\" data-end=\"1065\">Vykonanie fasety nie je n\u00e1ro\u010dn\u00e9. Potrebujeme miner\u00e1lnu maltu na b\u00e1ze \u010dist\u00e9ho cementu a \u0161krabku. SANIER na vykonanie fasety odpor\u00fa\u010da \u0161peci\u00e1lnu vodotesn\u00fa maltu Bostik Sperrmortel. Pri tvarovan\u00ed fasety sa \u010dasto pou\u017e\u00edvaj\u00fa k\u00fasok PVC r\u00farky, oby\u010dajn\u00e1 sklenen\u00e1 f\u013ea\u0161a alebo poh\u00e1r.<\/p>\n<p class=\"\" data-start=\"1067\" data-end=\"1234\">Prv\u00fdm krokom je pr\u00edprava podkladu tak, aby bol stabiln\u00fd, bez dier, mastn\u00fdch \u0161kv\u0155n, farieb, sadry a cementov\u00e9ho mlieka. O\u010disten\u00fd a zdrsnen\u00fd povrch je potrebn\u00e9 odpr\u00e1\u0161i\u0165.<\/p>\n<p class=\"\" data-start=\"1236\" data-end=\"1293\">Pred nanesen\u00edm povrch zvlh\u010dite tak, aby bol matovo vlhk\u00fd.<\/p>\n<p class=\"\" data-start=\"1295\" data-end=\"1671\">Na kach\u013eu naber\u00e1me nie pr\u00edli\u0161 ve\u013ek\u00e9 mno\u017estvo malty a h\u00e1d\u017eeme maltu do rohu. N\u00e1sledne ju predbe\u017ene pretiahneme, zbierame a rozotierame prebytok. To, \u010do zostane, m\u00f4\u017eeme zobra\u0165 a pokra\u010dova\u0165. Fasetu profilujeme pomocou \u0161krabky so zaoblen\u00fdm okrajom, r\u00farky, poh\u00e1ra alebo f\u013ea\u0161e. \u010cak\u00e1me, k\u00fdm zaschne (\u010das tuhnutia je pribli\u017ene 5 hod\u00edn, ale pln\u00e1 z\u00e1\u0165a\u017e m\u00f4\u017ee nast\u00fapi\u0165 a\u017e po 24 hodin\u00e1ch).<\/p>\n<p class=\"\" data-start=\"1673\" data-end=\"1937\">D\u00f4le\u017eit\u00e9! Spoje rohov vonkaj\u0161\u00edch stien musia by\u0165 zf\u00e1zovan\u00e9\/odstrihnut\u00e9, aby neboli 90\u00b0 uhly. Ak to neurob\u00edme, je potrebn\u00e9 zakopa\u0165 sie\u0165ku na fas\u00e1du alebo tesniacu p\u00e1sku v izola\u010dnej vrstve. SANIER odpor\u00fa\u010da pou\u017ei\u0165 bit\u00famenov\u00fa hydroizol\u00e1ciu Bostik Dickbeschichtung 2K+.<\/p>\n<\/div>\n<\/div>\n<\/div>\n<\/div>\n<div class=\"flex justify-start\"><\/div>\n<p>[\/vc_column_text][vc_single_image image=\"259701\" img_size=\"large\" alignment=\"center\"][\/vc_column][\/vc_row]<\/p>\n","protected":false},"excerpt":{"rendered":"<p>[vc_row][vc_column][vc_column_text] Ako urobi\u0165 fazetu? [\/vc_column_text][vc_column_text] Fazeta\/zaoblen\u00e9 je prvok, ktor\u00fd mus\u00ed by\u0165 vykonan\u00fd na spoji z\u00e1kladovej steny s p\u00e4tkou a na spojoch stena-stena v r\u00e1mci z\u00e1kladov. Ostr\u00e9<span class=\"excerpt-hellip\"> [\u2026]<\/span><\/p>\n","protected":false},"author":55,"featured_media":271768,"comment_status":"open","ping_status":"open","sticky":false,"template":"","format":"standard","meta":{"_acf_changed":false,"footnotes":""},"categories":[1116,1121],"tags":[],"class_list":["post-280144","post","type-post","status-publish","format-standard","has-post-thumbnail","hentry","category-hydroizolacje-sk","category-porady-sk"],"acf":[],"_links":{"self":[{"href":"https:\/\/www.sanier.pl\/sk\/wp-json\/wp\/v2\/posts\/280144","targetHints":{"allow":["GET"]}}],"collection":[{"href":"https:\/\/www.sanier.pl\/sk\/wp-json\/wp\/v2\/posts"}],"about":[{"href":"https:\/\/www.sanier.pl\/sk\/wp-json\/wp\/v2\/types\/post"}],"author":[{"embeddable":true,"href":"https:\/\/www.sanier.pl\/sk\/wp-json\/wp\/v2\/users\/55"}],"replies":[{"embeddable":true,"href":"https:\/\/www.sanier.pl\/sk\/wp-json\/wp\/v2\/comments?post=280144"}],"version-history":[{"count":0,"href":"https:\/\/www.sanier.pl\/sk\/wp-json\/wp\/v2\/posts\/280144\/revisions"}],"wp:featuredmedia":[{"embeddable":true,"href":"https:\/\/www.sanier.pl\/sk\/wp-json\/wp\/v2\/media\/271768"}],"wp:attachment":[{"href":"https:\/\/www.sanier.pl\/sk\/wp-json\/wp\/v2\/media?parent=280144"}],"wp:term":[{"taxonomy":"category","embeddable":true,"href":"https:\/\/www.sanier.pl\/sk\/wp-json\/wp\/v2\/categories?post=280144"},{"taxonomy":"post_tag","embeddable":true,"href":"https:\/\/www.sanier.pl\/sk\/wp-json\/wp\/v2\/tags?post=280144"}],"curies":[{"name":"wp","href":"https:\/\/api.w.org\/{rel}","templated":true}]}}